{"id":36664,"date":"2025-10-01T09:01:02","date_gmt":"2025-10-01T09:01:02","guid":{"rendered":"https:\/\/organonpro.com\/es-es\/?post_type=news&#038;p=36664"},"modified":"2026-01-26T13:21:49","modified_gmt":"2026-01-26T13:21:49","slug":"caracteristicas-trastorno-depresivo-mayor-el-trastorno-bipolar-y-esquizofrenia","status":"publish","type":"news","link":"https:\/\/organonpro.com\/es-es\/news\/caracteristicas-trastorno-depresivo-mayor-el-trastorno-bipolar-y-esquizofrenia\/","title":{"rendered":"Caracter\u00edsticas comunes en el trastorno depresivo mayor, el trastorno bipolar y la esquizofrenia: revisi\u00f3n cualitativa\u00a0"},"content":{"rendered":"\n<p><em>Stein F, Kircher T. Transdiagnostic findings across major depressive disorder, bipolar disorder and schizophrenia: A qualitative review. J Affect Disord. 2025;387:119464\u00a0\u00a0<\/em><\/p>\n\n\n\n<div style=\"height:40px\" aria-hidden=\"true\" class=\"wp-block-spacer\"><\/div>\n\n\n\n<h2 class=\"wp-block-heading has-black-color has-text-color has-link-color wp-elements-fe8b53361a2f5864081ce477bae2917d\" style=\"font-size:27px;font-style:normal;font-weight:700\">Puntos clave:<\/h2>\n\n\n\n<ul class=\"wp-block-list\">\n<li>La divisi\u00f3n diagn\u00f3stica tradicional entre esquizofrenia, trastorno depresivo mayor y trastorno bipolar no refleja con precisi\u00f3n la evidencia cient\u00edfica actual.\u00a0<\/li>\n\n\n\n<li>Existen solapamientos entre estos trastornos en los \u00e1mbitos gen\u00e9tico, neurobiol\u00f3gico, cognitivo, psicopatol\u00f3gico y funcional, lo que cuestiona su categorizaci\u00f3n como entidades separadas.\u00a0<\/li>\n\n\n\n<li>El tratamiento de estos trastornos como diagn\u00f3sticos aislados puede obstaculizar la identificaci\u00f3n de mecanismos comunes y el desarrollo de enfoques terap\u00e9uticos m\u00e1s eficaces.\u00a0<\/li>\n\n\n\n<li>Esta revisi\u00f3n narrativa propone un enfoque dimensional.\u00a0<\/li>\n<\/ul>\n\n\n\n<div style=\"height:40px\" aria-hidden=\"true\" class=\"wp-block-spacer\"><\/div>\n\n\n\n<h2 class=\"wp-block-heading has-black-color has-text-color has-link-color wp-elements-767266c458faef4e1714606ff9af24f7\" style=\"font-size:27px;font-style:normal;font-weight:700\">Introducci\u00f3n\u00a0<\/h2>\n\n\n\n<p>La evidencia actual indica que la esquizofrenia, el trastorno depresivo mayor y el trastorno bipolar \u2014conocidos como psicosis mayores\u2014 comparten una variabilidad significativa en \u00e1mbitos gen\u00e9ticos, neurobiol\u00f3gicos, cognitivos, psicopatol\u00f3gicos y funcionales. La investigaci\u00f3n sigue tratando estos trastornos como entidades separadas, lo que podr\u00eda obstruir la identificaci\u00f3n de mecanismos comunes y el desarrollo de estrategias diagn\u00f3sticas y terap\u00e9uticas m\u00e1s efectivas e integradoras.\u00a0<\/p>\n\n\n\n<p class=\"has-text-align-left borde-citas has-text-color has-background has-link-color wp-elements-2b0be4633263ac6992b923185156d4a0\" style=\"color:#1b4298;background-color:#fff8cc;font-size:18px;font-style:normal;font-weight:600\">Esta revisi\u00f3n narrativa resumi\u00f3 los aspectos compartidos de estos trastornos, explorando los factores de riesgo, la gen\u00e9tica, la psicopatolog\u00eda, el curso cl\u00ednico, el tratamiento, la cognici\u00f3n y la neuroimagen.\u00a0\u00a0<\/p>\n\n\n\n<div style=\"height:40px\" aria-hidden=\"true\" class=\"wp-block-spacer\"><\/div>\n\n\n\n<h2 class=\"wp-block-heading has-black-color has-text-color has-link-color wp-elements-2c476a6a2816fe65c850df1d6396c7f1\" style=\"font-size:27px;font-style:normal;font-weight:700\">Factores de riesgo psicosociales, ambientales y psicopatol\u00f3gicos\u00a0\u00a0<\/h2>\n\n\n\n<p>Los estudios indican que muchos factores psicosociales y ambientales en el desarrollo y curso de estas enfermedades son compartidos. En particular, factores ambientales comunes son experiencias adversas en la infancia, crecer en ciudades grandes, factores de riesgo durante el embarazo y el periodo perinatal (infecciones, malnutrici\u00f3n, nacimiento pret\u00e9rmino y estaci\u00f3n del a\u00f1o en el nacimiento), consumo de cannabis en la adolescencia y acontecimientos vitales estresantes.&nbsp;<\/p>\n\n\n\n<p>Un metaan\u00e1lisis reciente identific\u00f3 doce s\u00edntomas psicopatol\u00f3gicos asociados con la aparici\u00f3n de trastornos depresivos, bipolares o psic\u00f3ticos. De ellos, siete se identificaron como comunes a los tres diagn\u00f3sticos e inclu\u00edan s\u00edntomas psic\u00f3ticos, s\u00edntomas depresivos, ansiedad, conductas disruptivas, labilidad afectiva y problemas de sue\u00f1o.&nbsp;<\/p>\n\n\n\n<p>Se destaca la necesidad de adoptar una perspectiva entre diagn\u00f3sticos en la identificaci\u00f3n precoz para detectar de forma m\u00e1s eficaz los riesgos de psicopatolog\u00eda futura.&nbsp;<\/p>\n\n\n\n<div style=\"height:40px\" aria-hidden=\"true\" class=\"wp-block-spacer\"><\/div>\n\n\n\n<h2 class=\"wp-block-heading has-black-color has-text-color has-link-color wp-elements-368d6041ddf8339c798a65ae6fac3a65\" style=\"font-size:27px;font-style:normal;font-weight:700\">Gen\u00e9tica familiar y molecular\u00a0<\/h2>\n\n\n\n<p>Para que aparezca una psicosis mayor, ning\u00fan factor ambiental por s\u00ed solo es suficiente, sino que existe una interacci\u00f3n compleja entre los factores gen\u00e9ticos y ambientales.&nbsp;&nbsp;<\/p>\n\n\n\n<p>El componente hereditario para la esquizofrenia y el trastorno bipolar se estima en un 60\u202f%-85 %, y para el trastorno depresivo mayor, en un 30\u202f%-50\u202f%. Un metaan\u00e1lisis reciente apoy\u00f3 el papel de los factores gen\u00e9ticos, ya que confirm\u00f3 que los hijos de padres con trastornos psiqui\u00e1tricos ten\u00edan hasta tres veces m\u00e1s probabilidades de desarrollar el mismo trastorno que su progenitor y el doble de probabilidades de desarrollar un trastorno diferente.&nbsp;&nbsp;<\/p>\n\n\n\n<p>Estudios del genoma completo han identificado cientos de <em>loci<\/em> gen\u00e9ticos asociados con la esquizofrenia, el trastorno depresivo mayor y el trastorno bipolar, muchos de ellos, compartidos. Esta susceptibilidad gen\u00e9tica com\u00fan se atribuye a la pleiotrop\u00eda, donde una misma variante gen\u00e9tica puede influir en m\u00faltiples trastornos. No obstante, tambi\u00e9n existen mecanismos espec\u00edficos de cada trastorno.&nbsp;&nbsp;<\/p>\n\n\n\n<p class=\"has-text-align-left borde-citas has-text-color has-background has-link-color wp-elements-909232f34cedc6d8ee792b33b0805ada\" style=\"color:#1b4298;background-color:#fff8cc;font-size:18px;font-style:normal;font-weight:600\">En resumen, las psicosis mayores responden a arquitecturas polig\u00e9nicas complejas, con cientos o miles de factores gen\u00e9ticos y ambientales interactuando para moldear fenotipos cl\u00ednicos diversos. Si bien existe riesgo gen\u00e9tico compartido, su expresi\u00f3n var\u00eda seg\u00fan la combinaci\u00f3n y momento de los factores implicados.\u00a0\u00a0<\/p>\n\n\n\n<p>Las aplicaciones cl\u00ednicas de esta informaci\u00f3n son a\u00fan limitadas, debido a la complejidad del riesgo gen\u00e9tico y la pleiotrop\u00eda.\u00a0\u00a0<\/p>\n\n\n\n<div style=\"height:40px\" aria-hidden=\"true\" class=\"wp-block-spacer\"><\/div>\n\n\n\n<h2 class=\"wp-block-heading has-black-color has-text-color has-link-color wp-elements-9043826d919410578f8dfdacad7d173f\" style=\"font-size:27px;font-style:normal;font-weight:700\">Psicopatolog\u00eda\u00a0<\/h2>\n\n\n\n<p class=\"has-text-align-left borde-citas has-text-color has-background has-link-color wp-elements-24cffe352e3e973ba582d023c298fb62\" style=\"color:#1b4298;background-color:#fff8cc;font-size:18px;font-style:normal;font-weight:600\">La esquizofrenia, el trastorno depresivo mayor y el trastorno bipolar comparten s\u00edntomas psicopatol\u00f3gicos.\u00a0\u00a0<\/p>\n\n\n\n<p>Los s\u00edntomas no se restringen a un diagn\u00f3stico espec\u00edfico, sino que se presentan en los tres trastornos con variaciones temporales. Por ejemplo, los s\u00edntomas catat\u00f3nicos muestran prevalencias similares durante los episodios agudos en los tres trastornos: el 22\u202f% en el trastorno depresivo mayor, el 29\u202f% en el trastorno bipolar y el 41\u202f% en la esquizofrenia.\u00a0\u00a0<\/p>\n\n\n\n<div style=\"height:40px\" aria-hidden=\"true\" class=\"wp-block-spacer\"><\/div>\n\n\n\n<h2 class=\"wp-block-heading has-black-color has-text-color has-link-color wp-elements-843415ed7a427f15b47c87a9dcd37e2a\" style=\"font-size:27px;font-style:normal;font-weight:700\">Neurocognici\u00f3n\u00a0<\/h2>\n\n\n\n<p class=\"has-text-align-left borde-citas has-text-color has-background has-link-color wp-elements-cf3c5a1a5c03c717e2cac5abfc2c2519\" style=\"color:#1b4298;background-color:#fff8cc;font-size:18px;font-style:normal;font-weight:600\">Los d\u00e9ficits cognitivos son un rasgo com\u00fan en m\u00faltiples trastornos psiqui\u00e1tricos, incluidos el trastorno depresivo mayor, el trastorno bipolar, la esquizofrenia, el TDAH, el trastorno obsesivo compulsivo y el trastorno de estr\u00e9s postraum\u00e1tico.\u00a0\u00a0<\/p>\n\n\n\n<p>Se han identificado alteraciones en las funciones ejecutivas y en la memoria epis\u00f3dica, junto con la velocidad de procesamiento, la memoria de trabajo y la fluidez verbales, en el trastorno depresivo mayor, el trastorno bipolar y la esquizofrenia. La magnitud de la alteraci\u00f3n var\u00eda seg\u00fan el estado de la enfermedad y el diagn\u00f3stico.&nbsp;<\/p>\n\n\n\n<p>Estos hallazgos respaldan la existencia del \u00abfactor c\u00bb, que representa una disfunci\u00f3n cognitiva general compartida entre trastornos, en paralelo al \u00abfactor p\u00bb de psicopatolog\u00eda general. Estudios han mostrado correlaciones entre ambos factores, de forma que mayor gravedad psicopatol\u00f3gica se asocia a mayor deterioro cognitivo. Comprender esta interacci\u00f3n podr\u00eda mejorar las intervenciones terap\u00e9uticas desde una perspectiva entre diagn\u00f3sticos.&nbsp;<\/p>\n\n\n\n<div style=\"height:40px\" aria-hidden=\"true\" class=\"wp-block-spacer\"><\/div>\n\n\n\n<h2 class=\"wp-block-heading has-black-color has-text-color has-link-color wp-elements-b73a2a2ae1315beeb0766671580551b4\" style=\"font-size:27px;font-style:normal;font-weight:700\">Curso de la enfermedad\u00a0<\/h2>\n\n\n\n<p>El curso cl\u00ednico de las psicosis mayores presenta gran heterogeneidad, con desenlaces que van desde la recuperaci\u00f3n completa hasta el deterioro cr\u00f3nico. Estudios de seguimiento muestran que un tercio de los pacientes con estas patolog\u00edas desarrolla s\u00edntomas cr\u00f3nicos y deterioro psicosocial, otro tercio lleva un curso intermedio y el resto tiene buen pron\u00f3stico. Existe un gradiente de gravedad: esquizofrenia > trastorno bipolar > trastorno depresivo mayor, aunque en esta \u00faltima dos tercios de los pacientes no alcanzan la recuperaci\u00f3n total.\u00a0<\/p>\n\n\n\n<div style=\"height:40px\" aria-hidden=\"true\" class=\"wp-block-spacer\"><\/div>\n\n\n\n<h2 class=\"wp-block-heading has-black-color has-text-color has-link-color wp-elements-ce2087cda37eecbc5f9635c0ba22cb84\" style=\"font-size:27px;font-style:normal;font-weight:700\">Tratamientos\u00a0\u00a0<\/h2>\n\n\n\n<p class=\"has-text-align-left borde-citas has-text-color has-background has-link-color wp-elements-52a5e0560c2a3d105b8e236363a98dfb\" style=\"color:#1b4298;background-color:#fff8cc;font-size:18px;font-style:normal;font-weight:600\">La mayor\u00eda de los tratamientos no se basan en diagn\u00f3sticos espec\u00edficos, sino en s\u00edntomas o s\u00edndromes. Antidepresivos, antipsic\u00f3ticos at\u00edpicos y benzodiacepinas se emplean seg\u00fan la sintomatolog\u00eda, no seg\u00fan el trastorno.\u00a0\u00a0<\/p>\n\n\n\n<p>Lo mismo ocurre con la terapia electroconvulsiva y con estrategias psicoterap\u00e9uticas, como la terapia cognitivo-conductual. En conjunto, los tratamientos actuales abordan dimensiones cognitivas, emocionales, conductuales y psicosociales.\u00a0<\/p>\n\n\n\n<div style=\"height:40px\" aria-hidden=\"true\" class=\"wp-block-spacer\"><\/div>\n\n\n\n<h2 class=\"wp-block-heading has-black-color has-text-color has-link-color wp-elements-eea290e6d2bb6002fbbe826f90cb6f88\" style=\"font-size:27px;font-style:normal;font-weight:700\">Neuroimagen\u00a0<\/h2>\n\n\n\n<p><strong>Volumen de la sustancia gris. <\/strong>Los estudios de neuroimagen han revelado similitudes entre diagn\u00f3sticos, pero tambi\u00e9n diferencias espec\u00edficas de cada trastorno. Un metaan\u00e1lisis de m\u00e1s de 50\u202f000 esc\u00e1neres identific\u00f3 un patr\u00f3n com\u00fan en 17 trastornos psiqui\u00e1tricos, con aumento del volumen en ganglios basales y reducci\u00f3n en hipocampo y am\u00edgdala, m\u00e1s pronunciado en los trastornos psic\u00f3ticos. Otro metaan\u00e1lisis encontr\u00f3 p\u00e9rdida significativa de materia gris en la \u00ednsula anterior bilateral y el c\u00edngulo anterior dorsal, independientemente del diagn\u00f3stico.&nbsp;&nbsp;<\/p>\n\n\n\n<p><strong>Integridad de la sustancia blanca. <\/strong>Los estudios que investigan la integridad de la sustancia blanca y los solapamientos estructurales del conectoma entre el trastorno depresivo mayor, el trastorno bipolar y la esquizofrenia son escasos. Se han identificado reducciones comunes de anisotrop\u00eda fraccional en regiones como el cuerpo calloso y la corona radiada en los tres trastornos, aunque algunas alteraciones fueron espec\u00edficas del trastorno depresivo mayor. La esquizofrenia y el trastorno bipolar (pero no el trastorno depresivo mayor) comparten alteraciones en varios tractos cerebrales.&nbsp;<\/p>\n\n\n\n<p><strong>Resonancia magn\u00e9tica funcional en estado de reposo. <\/strong>Estudios de neuroimagen funcional muestran que estos trastornos comparten alteraciones en la conectividad cerebral, aunque con variaciones seg\u00fan el trastorno. Por ejemplo, en un estudio, los pacientes mostraban arquitecturas de redes cerebrales m\u00e1s aleatorias, sobre todo la esquizofrenia. Se encontr\u00f3 menor conectividad de corto alcance (sobre todo, en cortezas sensoriales y t\u00e1lamo) y mayor conectividad de medio y largo alcance (en regiones prefrontales).&nbsp;&nbsp;<\/p>\n\n\n\n<div style=\"height:40px\" aria-hidden=\"true\" class=\"wp-block-spacer\"><\/div>\n\n\n\n<h2 class=\"wp-block-heading has-black-color has-text-color has-link-color wp-elements-d3b1fbb7643a575c569a1f9a4a17a484\" style=\"font-size:27px;font-style:normal;font-weight:700\">Biomarcadores sangu\u00edneos\u00a0<\/h2>\n\n\n\n<p>Se han estudiado biomarcadores sangu\u00edneos en estos trastornos y se han encontrado posibles mecanismos biol\u00f3gicos comunes. Por ejemplo, se han observado alteraciones compartidas en la barrera hematoencef\u00e1lica, citocinas perif\u00e9ricas y marcadores inflamatorios. Hasta ahora, no se ha identificado de manera concluyente un biomarcador sangu\u00edneo com\u00fan.\u00a0<\/p>\n\n\n\n<div style=\"height:40px\" aria-hidden=\"true\" class=\"wp-block-spacer\"><\/div>\n\n\n\n<h2 class=\"wp-block-heading has-black-color has-text-color has-link-color wp-elements-8f533445c44121b6d2c3028d7fdbcc9b\" style=\"font-size:27px;font-style:normal;font-weight:700\">Enfoques dimensionales\u00a0<\/h2>\n\n\n\n<p>Se proponen como alternativa a los modelos categ\u00f3ricos tradicionales, ya que permiten describir s\u00edntomas a lo largo de un continuo y facilitar el estudio de mecanismos compartidos entre trastornos.&nbsp;&nbsp;<\/p>\n\n\n\n<p>Estudios emp\u00edricos han identificado entre tres y cinco dimensiones sintom\u00e1ticas \u2015 depresiva, negativa, paranoide-alucinatoria, desorganizada y man\u00edaca\u2014 comunes al trastorno depresivo mayor, el trastorno bipolar y la esquizofrenia, as\u00ed como uno o dos factores de psicopatolog\u00eda general (factor p). Estas dimensiones se han asociado con medidas neurobiol\u00f3gicas, como el volumen de la sustancia gris, la anisotrop\u00eda fraccional de la sustancia blanca, la conect\u00f3mica general de la sustancia blanca cerebral, el grosor cortical y la gen\u00e9tica.&nbsp;&nbsp;<\/p>\n\n\n\n<div style=\"height:40px\" aria-hidden=\"true\" class=\"wp-block-spacer\"><\/div>\n\n\n\n<h2 class=\"wp-block-heading has-black-color has-text-color has-link-color wp-elements-c436e9fc31028c041456a0156eb3674b\" style=\"font-size:27px;font-style:normal;font-weight:700\">Aprendizaje autom\u00e1tico y enfoques basados en datos\u00a0<\/h2>\n\n\n\n<p>El aprendizaje autom\u00e1tico permite el an\u00e1lisis de grandes conjuntos de datos para identificar subgrupos cl\u00ednicos, predecir la evoluci\u00f3n de las enfermedades y refinar las categor\u00edas diagn\u00f3sticas tradicionales.&nbsp;&nbsp;<\/p>\n\n\n\n<p>Los resultados demuestran sistem\u00e1ticamente que las categor\u00edas diagn\u00f3sticas tradicionales no se corresponden con grupos biol\u00f3gica o cl\u00ednicamente homog\u00e9neos, lo que refuerza la naturaleza transdiagn\u00f3stica de los trastornos psiqui\u00e1tricos.&nbsp;<\/p>\n\n\n\n<div style=\"height:40px\" aria-hidden=\"true\" class=\"wp-block-spacer\"><\/div>\n\n\n\n<h2 class=\"wp-block-heading has-black-color has-text-color has-link-color wp-elements-46b9b9f3bf67decd1a657c265a9b13e5\" style=\"font-size:27px;font-style:normal;font-weight:700\">Sugerencias para el progreso\u00a0<\/h2>\n\n\n\n<p>Se sugiere:&nbsp;<\/p>\n\n\n\n<ol start=\"1\" class=\"wp-block-list\">\n<li><strong>Agrupaci\u00f3n integradora de diagn\u00f3sticos afines<\/strong>. Se propone un modelo integrador que agrupe el trastorno depresivo mayor, el trastorno bipolar, la esquizofrenia y, debido a su frecuente comorbilidad, los trastornos de ansiedad dentro de un espectro de \u00abpsicosis mayores\u00bb.\u00a0<\/li>\n<\/ol>\n\n\n\n<ol start=\"2\" class=\"wp-block-list\">\n<li><strong>Adopci\u00f3n de un modelo dimensional multidominio<\/strong> que sustituya las categor\u00edas diagn\u00f3sticas r\u00edgidas por dimensiones m\u00e1s all\u00e1 del diagn\u00f3stico evaluadas en diversos \u00e1mbitos (cognici\u00f3n, gen\u00e9tica, factores ambientales, etc.). De esta forma, habr\u00e1 rasgos diferenciales o dimensionales distintos de los diagn\u00f3sticos, con pacientes que diferir\u00e1n en el grado m\u00e1s que en el tipo.\u00a0<\/li>\n<\/ol>\n\n\n\n<ol start=\"3\" class=\"wp-block-list\">\n<li><strong>Integraci\u00f3n entre dominios<\/strong>, estableciendo v\u00ednculos s\u00f3lidos entre dimensiones de distintos \u00e1mbitos (por ejemplo, correlacionando perfiles psicopatol\u00f3gicos extremos con resultados de las im\u00e1genes cerebrales). Estas asociaciones no son est\u00e1ticas, sino que evolucionan y reflejan diversos grados de disfunci\u00f3n o adaptaci\u00f3n a lo largo del tiempo.\u00a0<\/li>\n<\/ol>\n\n\n\n<ol start=\"4\" class=\"wp-block-list\">\n<li><strong>Evaluaciones longitudinales<\/strong>, que permitan captar la progresi\u00f3n de los s\u00edntomas y alteraciones neurobiol\u00f3gicas a lo largo del tiempo.\u00a0<\/li>\n<\/ol>\n\n\n\n<div style=\"height:40px\" aria-hidden=\"true\" class=\"wp-block-spacer\"><\/div>\n\n\n\n<h2 class=\"wp-block-heading has-black-color has-text-color has-link-color wp-elements-e9bd81ddc9856a27b1375afab9aab86e\" style=\"font-size:27px;font-style:normal;font-weight:700\">Conclusi\u00f3n\u00a0<\/h2>\n\n\n\n<p>Esta revisi\u00f3n narrativa enfatiz\u00f3 las caracter\u00edsticas compartidas de las psicosis mayores, destacando el papel de factores psicosociales, ambientales, gen\u00e9ticos y neurobiol\u00f3gicos, as\u00ed como de los tratamientos, el curso cl\u00ednico y los s\u00edntomas psicopatol\u00f3gicos y cognitivos comunes. Estas coincidencias se\u00f1alan los beneficios potenciales de un enfoque dimensional.\u00a0<\/p>\n\n\n\n<div style=\"height:40px\" aria-hidden=\"true\" class=\"wp-block-spacer\"><\/div>\n\n\n\n<p><strong>\u00bfQuieres ampliar la informaci\u00f3n?<\/strong> Consulta el art\u00edculo original completo <a href=\"https:\/\/pubmed.ncbi.nlm.nih.gov\/40436207\/\">Transdiagnostic findings across major depressive disorder, bipolar disorder and schizophrenia: A qualitative review<\/a><\/p>\n\n\n\n<style>\n.borde-citas {\nborder: solid;\nborder-color: #FEDB00;\nborder-width: 1px 1px 1px 16px;\nborder-radius: 0.8rem;\n}\n<\/style>\n","protected":false},"excerpt":{"rendered":"<p>Stein F, Kircher T. Transdiagnostic findings across major depressive disorder, bipolar disorder and schizophrenia: A qualitative review. J Affect Disord. 2025;387:119464\u00a0\u00a0 Puntos clave: Introducci\u00f3n\u00a0 La evidencia actual indica que la esquizofrenia, el trastorno depresivo mayor y el trastorno bipolar \u2014conocidos como psicosis mayores\u2014 comparten una variabilidad significativa en \u00e1mbitos gen\u00e9ticos, neurobiol\u00f3gicos, cognitivos, psicopatol\u00f3gicos y funcionales. [&hellip;]<\/p>\n","protected":false},"author":120,"featured_media":37248,"parent":0,"menu_order":0,"template":"","meta":{"_acf_changed":true},"tags":[],"news_categories":[204],"class_list":["post-36664","news","type-news","status-publish","has-post-thumbnail","hentry","news_categories-psiquiatria"],"acf":[],"yoast_head":"<!-- This site is optimized with the Yoast SEO Premium plugin v20.11 (Yoast SEO v26.6) - https:\/\/yoast.com\/wordpress\/plugins\/seo\/ -->\n<title>Caracter\u00edsticas comunes en el trastorno depresivo mayor, el trastorno bipolar y la esquizofrenia: revisi\u00f3n cualitativa\u00a0 - Organon Pro - Espa\u00f1a<\/title>\n<meta name=\"description\" content=\"Actual\u00edzate en unos minutos sobre las caracter\u00edsticas comunes en el trastorno depresivo mayor, el trastorno bipolar y la esquizofrenia\" \/>\n<meta name=\"robots\" content=\"index, follow, max-snippet:-1, max-image-preview:large, max-video-preview:-1\" \/>\n<link rel=\"canonical\" href=\"https:\/\/organonpro.com\/es-es\/news\/caracteristicas-trastorno-depresivo-mayor-el-trastorno-bipolar-y-esquizofrenia\/\" \/>\n<meta property=\"og:locale\" content=\"en_US\" \/>\n<meta property=\"og:type\" content=\"article\" \/>\n<meta property=\"og:title\" content=\"Caracter\u00edsticas comunes en el trastorno depresivo mayor, el trastorno bipolar y la esquizofrenia: revisi\u00f3n cualitativa\u00a0\" \/>\n<meta property=\"og:description\" content=\"Actual\u00edzate en unos minutos sobre las caracter\u00edsticas comunes en el trastorno depresivo mayor, el trastorno bipolar y la esquizofrenia\" \/>\n<meta property=\"og:url\" content=\"https:\/\/organonpro.com\/es-es\/news\/caracteristicas-trastorno-depresivo-mayor-el-trastorno-bipolar-y-esquizofrenia\/\" \/>\n<meta property=\"og:site_name\" content=\"Organon Pro - Espa\u00f1a\" \/>\n<meta property=\"article:publisher\" content=\"https:\/\/www.facebook.com\/OrganonandCo\" \/>\n<meta property=\"article:modified_time\" content=\"2026-01-26T13:21:49+00:00\" \/>\n<meta property=\"og:image\" content=\"https:\/\/organonpro.com\/es-es\/wp-content\/uploads\/sites\/11\/2025\/09\/resumen-caracteristicas-comunes.jpg\" \/>\n\t<meta property=\"og:image:width\" content=\"1200\" \/>\n\t<meta property=\"og:image:height\" content=\"676\" \/>\n\t<meta property=\"og:image:type\" content=\"image\/jpeg\" \/>\n<meta name=\"twitter:card\" content=\"summary_large_image\" \/>\n<meta name=\"twitter:site\" content=\"@OrganonLLC\" \/>\n<meta name=\"twitter:label1\" content=\"Est. reading time\" \/>\n\t<meta name=\"twitter:data1\" content=\"8 minutes\" \/>\n<script type=\"application\/ld+json\" class=\"yoast-schema-graph\">{\"@context\":\"https:\/\/schema.org\",\"@graph\":[{\"@type\":\"WebPage\",\"@id\":\"https:\/\/organonpro.com\/es-es\/news\/caracteristicas-trastorno-depresivo-mayor-el-trastorno-bipolar-y-esquizofrenia\/\",\"url\":\"https:\/\/organonpro.com\/es-es\/news\/caracteristicas-trastorno-depresivo-mayor-el-trastorno-bipolar-y-esquizofrenia\/\",\"name\":\"Caracter\u00edsticas comunes en el trastorno depresivo mayor, el trastorno bipolar y la esquizofrenia: revisi\u00f3n cualitativa\u00a0 - Organon Pro - Espa\u00f1a\",\"isPartOf\":{\"@id\":\"https:\/\/organonpro.com\/es-es\/#website\"},\"primaryImageOfPage\":{\"@id\":\"https:\/\/organonpro.com\/es-es\/news\/caracteristicas-trastorno-depresivo-mayor-el-trastorno-bipolar-y-esquizofrenia\/#primaryimage\"},\"image\":{\"@id\":\"https:\/\/organonpro.com\/es-es\/news\/caracteristicas-trastorno-depresivo-mayor-el-trastorno-bipolar-y-esquizofrenia\/#primaryimage\"},\"thumbnailUrl\":\"https:\/\/organonpro.com\/es-es\/wp-content\/uploads\/sites\/11\/2025\/09\/resumen-caracteristicas-comunes.jpg\",\"datePublished\":\"2025-10-01T09:01:02+00:00\",\"dateModified\":\"2026-01-26T13:21:49+00:00\",\"description\":\"Actual\u00edzate en unos minutos sobre las caracter\u00edsticas comunes en el trastorno depresivo mayor, el trastorno bipolar y la esquizofrenia\",\"breadcrumb\":{\"@id\":\"https:\/\/organonpro.com\/es-es\/news\/caracteristicas-trastorno-depresivo-mayor-el-trastorno-bipolar-y-esquizofrenia\/#breadcrumb\"},\"inLanguage\":\"en-US\",\"potentialAction\":[{\"@type\":\"ReadAction\",\"target\":[\"https:\/\/organonpro.com\/es-es\/news\/caracteristicas-trastorno-depresivo-mayor-el-trastorno-bipolar-y-esquizofrenia\/\"]}]},{\"@type\":\"ImageObject\",\"inLanguage\":\"en-US\",\"@id\":\"https:\/\/organonpro.com\/es-es\/news\/caracteristicas-trastorno-depresivo-mayor-el-trastorno-bipolar-y-esquizofrenia\/#primaryimage\",\"url\":\"https:\/\/organonpro.com\/es-es\/wp-content\/uploads\/sites\/11\/2025\/09\/resumen-caracteristicas-comunes.jpg\",\"contentUrl\":\"https:\/\/organonpro.com\/es-es\/wp-content\/uploads\/sites\/11\/2025\/09\/resumen-caracteristicas-comunes.jpg\",\"width\":1200,\"height\":676,\"caption\":\"Joven deprimida abrazando sus rodillas en el sof\u00e1 de casa\"},{\"@type\":\"BreadcrumbList\",\"@id\":\"https:\/\/organonpro.com\/es-es\/news\/caracteristicas-trastorno-depresivo-mayor-el-trastorno-bipolar-y-esquizofrenia\/#breadcrumb\",\"itemListElement\":[{\"@type\":\"ListItem\",\"position\":1,\"name\":\"Home\",\"item\":\"https:\/\/organonpro.com\/es-es\/\"},{\"@type\":\"ListItem\",\"position\":2,\"name\":\"News\",\"item\":\"https:\/\/organonpro.com\/es-es\/news\/\"},{\"@type\":\"ListItem\",\"position\":3,\"name\":\"Caracter\u00edsticas comunes en el trastorno depresivo mayor, el trastorno bipolar y la esquizofrenia: revisi\u00f3n cualitativa\u00a0\"}]},{\"@type\":\"WebSite\",\"@id\":\"https:\/\/organonpro.com\/es-es\/#website\",\"url\":\"https:\/\/organonpro.com\/es-es\/\",\"name\":\"Organon Pro - Espa\u00f1a\",\"description\":\"Organon Pro - Espa\u00f1a\",\"publisher\":{\"@id\":\"https:\/\/organonpro.com\/es-es\/#organization\"},\"potentialAction\":[{\"@type\":\"SearchAction\",\"target\":{\"@type\":\"EntryPoint\",\"urlTemplate\":\"https:\/\/organonpro.com\/es-es\/?s={search_term_string}\"},\"query-input\":{\"@type\":\"PropertyValueSpecification\",\"valueRequired\":true,\"valueName\":\"search_term_string\"}}],\"inLanguage\":\"en-US\"},{\"@type\":\"Organization\",\"@id\":\"https:\/\/organonpro.com\/es-es\/#organization\",\"name\":\"Organon Pro - Espa\u00f1a\",\"url\":\"https:\/\/organonpro.com\/es-es\/\",\"logo\":{\"@type\":\"ImageObject\",\"inLanguage\":\"en-US\",\"@id\":\"https:\/\/organonpro.com\/es-es\/#\/schema\/logo\/image\/\",\"url\":\"https:\/\/organonpro.com\/es-es\/wp-content\/uploads\/sites\/11\/2023\/08\/organon-pro-1.webp\",\"contentUrl\":\"https:\/\/organonpro.com\/es-es\/wp-content\/uploads\/sites\/11\/2023\/08\/organon-pro-1.webp\",\"width\":2269,\"height\":243,\"caption\":\"Organon Pro - Espa\u00f1a\"},\"image\":{\"@id\":\"https:\/\/organonpro.com\/es-es\/#\/schema\/logo\/image\/\"},\"sameAs\":[\"https:\/\/www.facebook.com\/OrganonandCo\",\"https:\/\/x.com\/OrganonLLC\"]}]}<\/script>\n<!-- \/ Yoast SEO Premium plugin. -->","yoast_head_json":{"title":"Caracter\u00edsticas comunes en el trastorno depresivo mayor, el trastorno bipolar y la esquizofrenia: revisi\u00f3n cualitativa\u00a0 - Organon Pro - Espa\u00f1a","description":"Actual\u00edzate en unos minutos sobre las caracter\u00edsticas comunes en el trastorno depresivo mayor, el trastorno bipolar y la esquizofrenia","robots":{"index":"index","follow":"follow","max-snippet":"max-snippet:-1","max-image-preview":"max-image-preview:large","max-video-preview":"max-video-preview:-1"},"canonical":"https:\/\/organonpro.com\/es-es\/news\/caracteristicas-trastorno-depresivo-mayor-el-trastorno-bipolar-y-esquizofrenia\/","og_locale":"en_US","og_type":"article","og_title":"Caracter\u00edsticas comunes en el trastorno depresivo mayor, el trastorno bipolar y la esquizofrenia: revisi\u00f3n cualitativa\u00a0","og_description":"Actual\u00edzate en unos minutos sobre las caracter\u00edsticas comunes en el trastorno depresivo mayor, el trastorno bipolar y la esquizofrenia","og_url":"https:\/\/organonpro.com\/es-es\/news\/caracteristicas-trastorno-depresivo-mayor-el-trastorno-bipolar-y-esquizofrenia\/","og_site_name":"Organon Pro - Espa\u00f1a","article_publisher":"https:\/\/www.facebook.com\/OrganonandCo","article_modified_time":"2026-01-26T13:21:49+00:00","og_image":[{"width":1200,"height":676,"url":"https:\/\/organonpro.com\/es-es\/wp-content\/uploads\/sites\/11\/2025\/09\/resumen-caracteristicas-comunes.jpg","type":"image\/jpeg"}],"twitter_card":"summary_large_image","twitter_site":"@OrganonLLC","twitter_misc":{"Est. reading time":"8 minutes"},"schema":{"@context":"https:\/\/schema.org","@graph":[{"@type":"WebPage","@id":"https:\/\/organonpro.com\/es-es\/news\/caracteristicas-trastorno-depresivo-mayor-el-trastorno-bipolar-y-esquizofrenia\/","url":"https:\/\/organonpro.com\/es-es\/news\/caracteristicas-trastorno-depresivo-mayor-el-trastorno-bipolar-y-esquizofrenia\/","name":"Caracter\u00edsticas comunes en el trastorno depresivo mayor, el trastorno bipolar y la esquizofrenia: revisi\u00f3n cualitativa\u00a0 - Organon Pro - Espa\u00f1a","isPartOf":{"@id":"https:\/\/organonpro.com\/es-es\/#website"},"primaryImageOfPage":{"@id":"https:\/\/organonpro.com\/es-es\/news\/caracteristicas-trastorno-depresivo-mayor-el-trastorno-bipolar-y-esquizofrenia\/#primaryimage"},"image":{"@id":"https:\/\/organonpro.com\/es-es\/news\/caracteristicas-trastorno-depresivo-mayor-el-trastorno-bipolar-y-esquizofrenia\/#primaryimage"},"thumbnailUrl":"https:\/\/organonpro.com\/es-es\/wp-content\/uploads\/sites\/11\/2025\/09\/resumen-caracteristicas-comunes.jpg","datePublished":"2025-10-01T09:01:02+00:00","dateModified":"2026-01-26T13:21:49+00:00","description":"Actual\u00edzate en unos minutos sobre las caracter\u00edsticas comunes en el trastorno depresivo mayor, el trastorno bipolar y la esquizofrenia","breadcrumb":{"@id":"https:\/\/organonpro.com\/es-es\/news\/caracteristicas-trastorno-depresivo-mayor-el-trastorno-bipolar-y-esquizofrenia\/#breadcrumb"},"inLanguage":"en-US","potentialAction":[{"@type":"ReadAction","target":["https:\/\/organonpro.com\/es-es\/news\/caracteristicas-trastorno-depresivo-mayor-el-trastorno-bipolar-y-esquizofrenia\/"]}]},{"@type":"ImageObject","inLanguage":"en-US","@id":"https:\/\/organonpro.com\/es-es\/news\/caracteristicas-trastorno-depresivo-mayor-el-trastorno-bipolar-y-esquizofrenia\/#primaryimage","url":"https:\/\/organonpro.com\/es-es\/wp-content\/uploads\/sites\/11\/2025\/09\/resumen-caracteristicas-comunes.jpg","contentUrl":"https:\/\/organonpro.com\/es-es\/wp-content\/uploads\/sites\/11\/2025\/09\/resumen-caracteristicas-comunes.jpg","width":1200,"height":676,"caption":"Joven deprimida abrazando sus rodillas en el sof\u00e1 de casa"},{"@type":"BreadcrumbList","@id":"https:\/\/organonpro.com\/es-es\/news\/caracteristicas-trastorno-depresivo-mayor-el-trastorno-bipolar-y-esquizofrenia\/#breadcrumb","itemListElement":[{"@type":"ListItem","position":1,"name":"Home","item":"https:\/\/organonpro.com\/es-es\/"},{"@type":"ListItem","position":2,"name":"News","item":"https:\/\/organonpro.com\/es-es\/news\/"},{"@type":"ListItem","position":3,"name":"Caracter\u00edsticas comunes en el trastorno depresivo mayor, el trastorno bipolar y la esquizofrenia: revisi\u00f3n cualitativa\u00a0"}]},{"@type":"WebSite","@id":"https:\/\/organonpro.com\/es-es\/#website","url":"https:\/\/organonpro.com\/es-es\/","name":"Organon Pro - Espa\u00f1a","description":"Organon Pro - Espa\u00f1a","publisher":{"@id":"https:\/\/organonpro.com\/es-es\/#organization"},"potentialAction":[{"@type":"SearchAction","target":{"@type":"EntryPoint","urlTemplate":"https:\/\/organonpro.com\/es-es\/?s={search_term_string}"},"query-input":{"@type":"PropertyValueSpecification","valueRequired":true,"valueName":"search_term_string"}}],"inLanguage":"en-US"},{"@type":"Organization","@id":"https:\/\/organonpro.com\/es-es\/#organization","name":"Organon Pro - Espa\u00f1a","url":"https:\/\/organonpro.com\/es-es\/","logo":{"@type":"ImageObject","inLanguage":"en-US","@id":"https:\/\/organonpro.com\/es-es\/#\/schema\/logo\/image\/","url":"https:\/\/organonpro.com\/es-es\/wp-content\/uploads\/sites\/11\/2023\/08\/organon-pro-1.webp","contentUrl":"https:\/\/organonpro.com\/es-es\/wp-content\/uploads\/sites\/11\/2023\/08\/organon-pro-1.webp","width":2269,"height":243,"caption":"Organon Pro - Espa\u00f1a"},"image":{"@id":"https:\/\/organonpro.com\/es-es\/#\/schema\/logo\/image\/"},"sameAs":["https:\/\/www.facebook.com\/OrganonandCo","https:\/\/x.com\/OrganonLLC"]}]}},"jetpack_sharing_enabled":true,"_links":{"self":[{"href":"https:\/\/organonpro.com\/es-es\/wp-json\/wp\/v2\/news\/36664","targetHints":{"allow":["GET"]}}],"collection":[{"href":"https:\/\/organonpro.com\/es-es\/wp-json\/wp\/v2\/news"}],"about":[{"href":"https:\/\/organonpro.com\/es-es\/wp-json\/wp\/v2\/types\/news"}],"author":[{"embeddable":true,"href":"https:\/\/organonpro.com\/es-es\/wp-json\/wp\/v2\/users\/120"}],"wp:featuredmedia":[{"embeddable":true,"href":"https:\/\/organonpro.com\/es-es\/wp-json\/wp\/v2\/media\/37248"}],"wp:attachment":[{"href":"https:\/\/organonpro.com\/es-es\/wp-json\/wp\/v2\/media?parent=36664"}],"wp:term":[{"taxonomy":"post_tag","embeddable":true,"href":"https:\/\/organonpro.com\/es-es\/wp-json\/wp\/v2\/tags?post=36664"},{"taxonomy":"news_categories","embeddable":true,"href":"https:\/\/organonpro.com\/es-es\/wp-json\/wp\/v2\/news_categories?post=36664"}],"curies":[{"name":"wp","href":"https:\/\/api.w.org\/{rel}","templated":true}]}}