{"id":36633,"date":"2025-10-01T07:57:03","date_gmt":"2025-10-01T07:57:03","guid":{"rendered":"https:\/\/organonpro.com\/es-es\/?post_type=news&#038;p=36633"},"modified":"2026-01-26T13:27:31","modified_gmt":"2026-01-26T13:27:31","slug":"asma-materna-durante-el-embarazo-y-riesgo-alergia-asma-en-la-descendencia","status":"publish","type":"news","link":"https:\/\/organonpro.com\/es-es\/news\/asma-materna-durante-el-embarazo-y-riesgo-alergia-asma-en-la-descendencia\/","title":{"rendered":"Asma materna durante el embarazo y riesgo de alergia y de asma en la descendencia: revisi\u00f3n sistem\u00e1tica y metaan\u00e1lisis\u00a0"},"content":{"rendered":"\n<p><em>Roff AJ, Robinson JL, Hammond SJ, Bednarz J, Tai A, Clifton VL, et al. Maternal asthma during pregnancy and risks of allergy and asthma in progeny: A systematic review and meta-analysis. BJOG. 2025 Jul;132(8):1045-1055.\u00a0<\/em><\/p>\n\n\n\n<div style=\"height:40px\" aria-hidden=\"true\" class=\"wp-block-spacer\"><\/div>\n\n\n\n<h2 class=\"wp-block-heading has-black-color has-text-color has-link-color wp-elements-fe8b53361a2f5864081ce477bae2917d\" style=\"font-size:27px;font-style:normal;font-weight:700\">Puntos clave:<\/h2>\n\n\n\n<ul class=\"wp-block-list\">\n<li>Esta revisi\u00f3n sistem\u00e1tica y metaan\u00e1lisis evalu\u00f3 la relaci\u00f3n entre el asma materna y el riesgo de sibilancias, asma y enfermedades al\u00e9rgicas en la descendencia.\u00a0<\/li>\n\n\n\n<li>El asma materna se asoci\u00f3 con m\u00e1s riesgo en la descendencia de padecer asma, sibilancias, alergia alimentaria, rinitis al\u00e9rgica y dermatitis at\u00f3pica en alg\u00fan momento.\u00a0<\/li>\n\n\n\n<li>El asma durante el tiempo del embarazo, el asma m\u00e1s grave y el asma no controlada tambi\u00e9n se asociaron con mayor riesgo de asma en la descendencia.\u00a0<\/li>\n<\/ul>\n\n\n\n<p>El asma es la afecci\u00f3n respiratoria m\u00e1s frecuente en el embarazo y se asocia con afectaci\u00f3n de la salud respiratoria infantil. El asma materna tambi\u00e9n aumenta el riesgo de ciertas enfermedades al\u00e9rgicas en la descendencia (dermatitis at\u00f3pica, rinitis al\u00e9rgica), pero no se ha estudiado de forma sistem\u00e1tica. En algunos estudios se ha visto que el fenotipo del asma materna o las exacerbaciones que requieren intervenci\u00f3n m\u00e9dica influyen en el riesgo de asma y alergia de los descendientes, aspectos que tampoco han sido estudiados sistem\u00e1ticamente.\u00a0<\/p>\n\n\n\n<p class=\"has-text-align-left borde-citas has-text-color has-background has-link-color wp-elements-92829a3c4241b81c4b23baa30ba2a9d0\" style=\"color:#1b4298;background-color:#fff8cc;font-size:18px;font-style:normal;font-weight:600\">El objetivo principal de este estudio fue evaluar las relaciones entre el asma materna y el riesgo de sibilancias, asma y enfermedades al\u00e9rgicas en la descendencia. De forma secundaria, se investig\u00f3 el efecto de la falta de control, la gravedad y las exacerbaciones del asma en el riesgo de dichas enfermedades.\u00a0\u00a0<\/p>\n\n\n\n<div style=\"height:40px\" aria-hidden=\"true\" class=\"wp-block-spacer\"><\/div>\n\n\n\n<h2 class=\"wp-block-heading has-black-color has-text-color has-link-color wp-elements-d1da8061ece2337d7c96f61e5298f075\" style=\"font-size:27px;font-style:normal;font-weight:700\">M\u00e9todos\u00a0<\/h2>\n\n\n\n<p>La b\u00fasqueda se realiz\u00f3 en diferentes fuentes de art\u00edculos publicados hasta finales de 2023.\u00a0<\/p>\n\n\n\n<div style=\"height:40px\" aria-hidden=\"true\" class=\"wp-block-spacer\"><\/div>\n\n\n\n<h2 class=\"wp-block-heading has-black-color has-text-color has-link-color wp-elements-0c3411b7a9714e463f6a0f6d8f1290c2\" style=\"font-size:27px;font-style:normal;font-weight:700\">Resultados\u00a0<\/h2>\n\n\n\n<p>De los 21\u202f083 art\u00edculos \u00fanicos identificados en la b\u00fasqueda, se incluyeron 137 en la revisi\u00f3n narrativa y 128 en el metaan\u00e1lisis.\u00a0\u00a0<\/p>\n\n\n\n<div style=\"height:20px\" aria-hidden=\"true\" class=\"wp-block-spacer\"><\/div>\n\n\n\n<h3 class=\"wp-block-heading has-black-color has-text-color has-link-color wp-elements-3d39c4288729d0319f949d537ff7e83d\" style=\"font-size:22px\">Asma\u00a0<\/h3>\n\n\n\n<p class=\"has-text-align-left borde-citas has-text-color has-background has-link-color wp-elements-62b1e3559b42ac8bf8237c79852a71b6\" style=\"color:#1b4298;background-color:#fff8cc;font-size:18px;font-style:normal;font-weight:600\">El riesgo combinado estimado de padecer asma en alg\u00fan momento fue 1,76 veces mayor en los hijos de madres con asma que en los hijos de madres sin asma (65 estudios; RR 1,76 [IC\u202f95\u202f% 1,57-1,96; p &lt;0,001]), con una elevada heterogeneidad entre los estudios.\u00a0<\/p>\n\n\n\n<p>El que la madre hubiera padecido asma alguna vez tambi\u00e9n se asoci\u00f3 con un mayor riesgo de asma actual en la descendencia a los 2-5, 5-10 y \u226510\u00a0a\u00f1os de edad.\u00a0\u00a0<\/p>\n\n\n\n<p>En un an\u00e1lisis combinado de 16 estudios, el riesgo de padecer asma fue 1,71 veces mayor en los hijos de madres con asma registrada durante el embarazo que en los hijos de madres sin asma durante el embarazo (RR 1,71 [IC\u202f95\u202f% 1,58-1,85; <em>p<\/em> &lt;0,001]).&nbsp;<\/p>\n\n\n\n<div style=\"height:20px\" aria-hidden=\"true\" class=\"wp-block-spacer\"><\/div>\n\n\n\n<h3 class=\"wp-block-heading has-black-color has-text-color has-link-color wp-elements-f72a5f492f37c9849786f58d2f6b0fc1\" style=\"font-size:22px\">Sibilancias\u00a0<\/h3>\n\n\n\n<p>En el an\u00e1lisis combinado de 36 estudios, el riesgo de padecer sibilancias en alg\u00fan momento fue 1,59 veces mayor en los hijos de madres con asma que en los hijos de madres sin asma (RR 1,59 [IC\u202f95\u202f% 1,52-1,66; <em>p<\/em> &lt;0,001]). El asma materna se asoci\u00f3 con un mayor riesgo de sibilancias actuales a los 0-2, 2-5, 5-10 y \u226510\u00a0a\u00f1os\u00a0de edad, as\u00ed como de sibilancias transitorias, de aparici\u00f3n intermedia\/tard\u00eda\u00a0y persistentes en la descendencia.\u00a0<\/p>\n\n\n\n<p>Solo 2 estudios informaban de asma espec\u00edficamente durante la gestaci\u00f3n, por lo que no pudo hacerse este metaan\u00e1lisis.&nbsp;<\/p>\n\n\n\n<div style=\"height:20px\" aria-hidden=\"true\" class=\"wp-block-spacer\"><\/div>\n\n\n\n<h3 class=\"wp-block-heading has-black-color has-text-color has-link-color wp-elements-c3e12b66ca693a7feb6c37a786cc216b\" style=\"font-size:22px\">Alergia alimentaria\/anafilaxia\u00a0<\/h3>\n\n\n\n<p>En un an\u00e1lisis combinado de 5 estudios, el riesgo de padecer alergia alimentaria en alg\u00fan momento fue 1,32 veces mayor en los hijos de madres con asma que en los hijos de madres sin asma (RR 1,32 [IC\u202f95 %: 1,23-1,40; <em>p<\/em> = 0,02]).&nbsp;&nbsp;<\/p>\n\n\n\n<p>Ning\u00fan estudio inform\u00f3 de asma espec\u00edficamente durante la gestaci\u00f3n, por lo que no pudo hacerse este metaan\u00e1lisis.&nbsp;<\/p>\n\n\n\n<div style=\"height:20px\" aria-hidden=\"true\" class=\"wp-block-spacer\"><\/div>\n\n\n\n<h3 class=\"wp-block-heading has-black-color has-text-color has-link-color wp-elements-8e13cd794550f1448eea799082b10e82\" style=\"font-size:22px\">Rinitis al\u00e9rgica\/fiebre del heno\u00a0<\/h3>\n\n\n\n<p>En un an\u00e1lisis combinado, el riesgo de padecer RA fue 1,18 veces mayor en los hijos de madres con asma que en los hijos de madres sin asma (7 estudios; RR 1,18 [IC\u202f95\u202f% 1,06-1,31; <em>p<\/em> = 0,002]).&nbsp;<\/p>\n\n\n\n<p>Solo 2 estudios informaban de asma espec\u00edficamente durante la gestaci\u00f3n, por lo que no pudo hacerse este metaan\u00e1lisis.&nbsp;<\/p>\n\n\n\n<div style=\"height:20px\" aria-hidden=\"true\" class=\"wp-block-spacer\"><\/div>\n\n\n\n<h3 class=\"wp-block-heading has-black-color has-text-color has-link-color wp-elements-d76f23881ca43e212f1138b36ea138b7\" style=\"font-size:22px\">Dermatitis al\u00e9rgica\/eccema\u00a0<\/h3>\n\n\n\n<p>En el an\u00e1lisis combinado de 14 estudios, el riesgo de padecer en alg\u00fan momento dermatitis at\u00f3pica\/eczema fue 1,17 veces mayor en los hijos de madres con asma en comparaci\u00f3n con los hijos de madres sin asma (RR 1,17 [IC\u202f95 %: 1,11-1,23; <em>p<\/em> &lt;0,001]).&nbsp;<\/p>\n\n\n\n<p>Solo 2 estudios informaban de asma espec\u00edficamente durante la gestaci\u00f3n, por lo que no pudo hacerse este metaan\u00e1lisis.&nbsp;<\/p>\n\n\n\n<div style=\"height:20px\" aria-hidden=\"true\" class=\"wp-block-spacer\"><\/div>\n\n\n\n<h3 class=\"wp-block-heading has-black-color has-text-color has-link-color wp-elements-3966dd7b8b3886da98004742e8728b06\" style=\"font-size:22px\">Gravedad y control del asma durante el embarazo\u00a0<\/h3>\n\n\n\n<p>Respecto a la gravedad del asma, en un an\u00e1lisis combinado de 5 estudios, el riesgo de padecer asma en alg\u00fan momento fue 1,23 veces mayor en los hijos de madres con asma moderada-grave que en los hijos de madres con asma leve (RR 1,23 [IC\u202f95 %: 1,12-1,35; <em>p<\/em> &lt;0,001]).&nbsp;&nbsp;<\/p>\n\n\n\n<p>En cuanto al control de asma, en un an\u00e1lisis combinado de 4 estudios, el riesgo de padecer asma en alg\u00fan momento fue 1,15 veces mayor en los hijos de mujeres con asma no controlada que en los hijos de mujeres con asma controlada (RR 1,15 [IC\u202f95 %: 1,07-1,23; <em>p<\/em> &lt;0,001]).&nbsp;&nbsp;<\/p>\n\n\n\n<p>No hubo datos suficientes para realizar metaan\u00e1lisis de las relaciones entre el control del asma materna y otras variables de inter\u00e9s, ni de los efectos de las exacerbaciones del asma o del asma activa o inactiva durante el embarazo.&nbsp;<\/p>\n\n\n\n<div style=\"height:40px\" aria-hidden=\"true\" class=\"wp-block-spacer\"><\/div>\n\n\n\n<h2 class=\"wp-block-heading has-black-color has-text-color has-link-color wp-elements-ad4eaa7bd75c4f188669fff46928d6f9\" style=\"font-size:27px;font-style:normal;font-weight:700\">Discusi\u00f3n\u00a0<\/h2>\n\n\n\n<h3 class=\"wp-block-heading has-black-color has-text-color has-link-color wp-elements-f6cdd8f06ea61125920b9bdb91008124\" style=\"font-size:22px\">Resultados principales\u00a0<\/h3>\n\n\n\n<p>Seg\u00fan los autores, estos metaan\u00e1lisis refuerzan la evidencia de que el asma materna se asocia con un mayor riesgo de asma en la descendencia y demuestran que tambi\u00e9n se asocia con un mayor riesgo de sibilancias y m\u00faltiples enfermedades al\u00e9rgicas (alergia alimentaria, dermatitis at\u00f3pica, rinitis al\u00e9rgica) en la descendencia. Estas asociaciones fueron similares cuando los estudios inclu\u00edan el asma espec\u00edficamente durante la gestaci\u00f3n y cuando lo inclu\u00edan como parte de los antecedentes.\u00a0<\/p>\n\n\n\n<p class=\"has-text-align-left borde-citas has-text-color has-background has-link-color wp-elements-f1885a6f4044c768737ce19d0df1eb5a\" style=\"color:#1b4298;background-color:#fff8cc;font-size:18px;font-style:normal;font-weight:600\">El asma materna no controlada y m\u00e1s grave durante el tiempo del embarazo tambi\u00e9n se asoci\u00f3 con un mayor riesgo de asma en la descendencia.\u00a0<\/p>\n\n\n\n<div style=\"height:20px\" aria-hidden=\"true\" class=\"wp-block-spacer\"><\/div>\n\n\n\n<h3 class=\"wp-block-heading has-black-color has-text-color has-link-color wp-elements-480a4f8d51a74a26ef3b90da1ed60df3\" style=\"font-size:22px\">Interpretaci\u00f3n\u00a0<\/h3>\n\n\n\n<p>Los autores mencionan como resultado destacable que la magnitud del riesgo asociado con el asma materna fue mucho mayor para las sibilancias y el asma en la descendencia que para las enfermedades al\u00e9rgicas alimentarias, dermatitis at\u00f3pica y rinitis al\u00e9rgica, lo que sugiere que el asma materna puede afectar tanto a mecanismos inmunitarios que aumentan el riego de asma y alergia) como no inmunitarios (que aumentan solo el riesgo de asma y sibilancias).&nbsp;<\/p>\n\n\n\n<p>La asociaci\u00f3n entre el asma materna y el asma en la descendencia fue muy heterog\u00e9nea (I<sup>2<\/sup> = 99,7 %) y se mantuvo alta en los an\u00e1lisis de subgrupos, sin que estuvieran las causas estuvieran completamente claras.&nbsp;<\/p>\n\n\n\n<p>Los an\u00e1lisis secundarios sugirieron que un mejor control del asma materna durante el embarazo podr\u00eda reducir el riesgo de asma en la descendencia, por lo que los programas para mejorar el control del asma durante el embarazo podr\u00edan mejorar la salud a largo plazo de la descendencia y reducir los riesgos de complicaciones durante el embarazo. No obstante, los autores reconocen que las asociaciones entre el asma no controlada o grave y el asma en la descendencia pueden reflejar factores gen\u00e9ticos o ambientales, adem\u00e1s de la exposici\u00f3n intrauterina al asma materna. No obstante, ciertas evidencias directas de estudios de cohortes grandes muestran que un mejor control del asma materna durante el embarazo reduce el riesgo de asma infantil.&nbsp;<\/p>\n\n\n\n<div style=\"height:40px\" aria-hidden=\"true\" class=\"wp-block-spacer\"><\/div>\n\n\n\n<h2 class=\"wp-block-heading has-black-color has-text-color has-link-color wp-elements-633cbd23b7ae6b2e3d5acbf033c45c05\" style=\"font-size:27px;font-style:normal;font-weight:700\">Conclusiones\u00a0<\/h2>\n\n\n\n<ul class=\"wp-block-list\">\n<li>Este metaan\u00e1lisis demostr\u00f3 que el asma materna es un factor de riesgo para las enfermedades al\u00e9rgicas en la descendencia.\u00a0<\/li>\n\n\n\n<li>Sugiere que un mejor control del asma durante el embarazo puede reducir la transmisi\u00f3n intergeneracional del asma, lo que deber\u00eda ser una prioridad en los programas de prevenci\u00f3n.\u00a0<\/li>\n\n\n\n<li>Los hijos de madres con asma constituyen un grupo de riesgo alto prioritario para la vigilancia de la alergia, y pueden ser una poblaci\u00f3n objetivo preferente para las intervenciones posnatales de reducci\u00f3n del riesgo de enfermedades al\u00e9rgicas.\u00a0<\/li>\n<\/ul>\n\n\n\n<div style=\"height:40px\" aria-hidden=\"true\" class=\"wp-block-spacer\"><\/div>\n\n\n\n<p><strong>\u00bfQuieres ampliar la informaci\u00f3n?<\/strong> Consulta el art\u00edculo original completo <a href=\"https:\/\/obgyn.onlinelibrary.wiley.com\/doi\/10.1111\/1471-0528.17900\">Maternal asthma during pregnancy and risks of allergy and asthma in progeny: A systematic review and meta-analysis<\/a><br><br><br><br><\/p>\n\n\n\n<style>\n.borde-citas {\nborder: solid;\nborder-color: #FEDB00;\nborder-width: 1px 1px 1px 16px;\nborder-radius: 0.8rem;\n}\n<\/style>\n","protected":false},"excerpt":{"rendered":"<p>Roff AJ, Robinson JL, Hammond SJ, Bednarz J, Tai A, Clifton VL, et al. Maternal asthma during pregnancy and risks of allergy and asthma in progeny: A systematic review and meta-analysis. BJOG. 2025 Jul;132(8):1045-1055.\u00a0 Puntos clave: El asma es la afecci\u00f3n respiratoria m\u00e1s frecuente en el embarazo y se asocia con afectaci\u00f3n de la salud [&hellip;]<\/p>\n","protected":false},"author":120,"featured_media":36634,"parent":0,"menu_order":0,"template":"","meta":{"_acf_changed":true},"tags":[],"news_categories":[216,215,205],"class_list":["post-36633","news","type-news","status-publish","has-post-thumbnail","hentry","news_categories-alergologia","news_categories-atencion-primaria","news_categories-pediatria"],"acf":[],"yoast_head":"<!-- This site is optimized with the Yoast SEO Premium plugin v20.11 (Yoast SEO v26.6) - https:\/\/yoast.com\/wordpress\/plugins\/seo\/ -->\n<title>Asma materna durante el embarazo y riesgo de alergia y de asma en la descendencia: revisi\u00f3n sistem\u00e1tica y metaan\u00e1lisis\u00a0 - Organon Pro - Espa\u00f1a<\/title>\n<meta name=\"description\" content=\"Actual\u00edzate en unos minutos sobre el asma materna durante el embarazo y riesgo de alergia y de asma en la descendencia\" \/>\n<meta name=\"robots\" content=\"index, follow, max-snippet:-1, max-image-preview:large, max-video-preview:-1\" \/>\n<link rel=\"canonical\" href=\"https:\/\/organonpro.com\/es-es\/news\/asma-materna-durante-el-embarazo-y-riesgo-alergia-asma-en-la-descendencia\/\" \/>\n<meta property=\"og:locale\" content=\"en_US\" \/>\n<meta property=\"og:type\" content=\"article\" \/>\n<meta property=\"og:title\" content=\"Asma materna durante el embarazo y riesgo de alergia y de asma en la descendencia: revisi\u00f3n sistem\u00e1tica y metaan\u00e1lisis\u00a0\" \/>\n<meta property=\"og:description\" content=\"Actual\u00edzate en unos minutos sobre el asma materna durante el embarazo y riesgo de alergia y de asma en la descendencia\" \/>\n<meta property=\"og:url\" content=\"https:\/\/organonpro.com\/es-es\/news\/asma-materna-durante-el-embarazo-y-riesgo-alergia-asma-en-la-descendencia\/\" \/>\n<meta property=\"og:site_name\" content=\"Organon Pro - Espa\u00f1a\" \/>\n<meta property=\"article:publisher\" content=\"https:\/\/www.facebook.com\/OrganonandCo\" \/>\n<meta property=\"article:modified_time\" content=\"2026-01-26T13:27:31+00:00\" \/>\n<meta property=\"og:image\" content=\"https:\/\/organonpro.com\/es-es\/wp-content\/uploads\/sites\/11\/2025\/09\/resumen-alergia-embarazo.jpg\" \/>\n\t<meta property=\"og:image:width\" content=\"1200\" \/>\n\t<meta property=\"og:image:height\" content=\"676\" \/>\n\t<meta property=\"og:image:type\" content=\"image\/jpeg\" \/>\n<meta name=\"twitter:card\" content=\"summary_large_image\" \/>\n<meta name=\"twitter:site\" content=\"@OrganonLLC\" \/>\n<meta name=\"twitter:label1\" content=\"Est. reading time\" \/>\n\t<meta name=\"twitter:data1\" content=\"6 minutes\" \/>\n<script type=\"application\/ld+json\" class=\"yoast-schema-graph\">{\"@context\":\"https:\/\/schema.org\",\"@graph\":[{\"@type\":\"WebPage\",\"@id\":\"https:\/\/organonpro.com\/es-es\/news\/asma-materna-durante-el-embarazo-y-riesgo-alergia-asma-en-la-descendencia\/\",\"url\":\"https:\/\/organonpro.com\/es-es\/news\/asma-materna-durante-el-embarazo-y-riesgo-alergia-asma-en-la-descendencia\/\",\"name\":\"Asma materna durante el embarazo y riesgo de alergia y de asma en la descendencia: revisi\u00f3n sistem\u00e1tica y metaan\u00e1lisis\u00a0 - Organon Pro - Espa\u00f1a\",\"isPartOf\":{\"@id\":\"https:\/\/organonpro.com\/es-es\/#website\"},\"primaryImageOfPage\":{\"@id\":\"https:\/\/organonpro.com\/es-es\/news\/asma-materna-durante-el-embarazo-y-riesgo-alergia-asma-en-la-descendencia\/#primaryimage\"},\"image\":{\"@id\":\"https:\/\/organonpro.com\/es-es\/news\/asma-materna-durante-el-embarazo-y-riesgo-alergia-asma-en-la-descendencia\/#primaryimage\"},\"thumbnailUrl\":\"https:\/\/organonpro.com\/es-es\/wp-content\/uploads\/sites\/11\/2025\/09\/resumen-alergia-embarazo.jpg\",\"datePublished\":\"2025-10-01T07:57:03+00:00\",\"dateModified\":\"2026-01-26T13:27:31+00:00\",\"description\":\"Actual\u00edzate en unos minutos sobre el asma materna durante el embarazo y riesgo de alergia y de asma en la descendencia\",\"breadcrumb\":{\"@id\":\"https:\/\/organonpro.com\/es-es\/news\/asma-materna-durante-el-embarazo-y-riesgo-alergia-asma-en-la-descendencia\/#breadcrumb\"},\"inLanguage\":\"en-US\",\"potentialAction\":[{\"@type\":\"ReadAction\",\"target\":[\"https:\/\/organonpro.com\/es-es\/news\/asma-materna-durante-el-embarazo-y-riesgo-alergia-asma-en-la-descendencia\/\"]}]},{\"@type\":\"ImageObject\",\"inLanguage\":\"en-US\",\"@id\":\"https:\/\/organonpro.com\/es-es\/news\/asma-materna-durante-el-embarazo-y-riesgo-alergia-asma-en-la-descendencia\/#primaryimage\",\"url\":\"https:\/\/organonpro.com\/es-es\/wp-content\/uploads\/sites\/11\/2025\/09\/resumen-alergia-embarazo.jpg\",\"contentUrl\":\"https:\/\/organonpro.com\/es-es\/wp-content\/uploads\/sites\/11\/2025\/09\/resumen-alergia-embarazo.jpg\",\"width\":1200,\"height\":676,\"caption\":\"mujer embarazada estornudando por alergia\"},{\"@type\":\"BreadcrumbList\",\"@id\":\"https:\/\/organonpro.com\/es-es\/news\/asma-materna-durante-el-embarazo-y-riesgo-alergia-asma-en-la-descendencia\/#breadcrumb\",\"itemListElement\":[{\"@type\":\"ListItem\",\"position\":1,\"name\":\"Home\",\"item\":\"https:\/\/organonpro.com\/es-es\/\"},{\"@type\":\"ListItem\",\"position\":2,\"name\":\"News\",\"item\":\"https:\/\/organonpro.com\/es-es\/news\/\"},{\"@type\":\"ListItem\",\"position\":3,\"name\":\"Asma materna durante el embarazo y riesgo de alergia y de asma en la descendencia: revisi\u00f3n sistem\u00e1tica y metaan\u00e1lisis\u00a0\"}]},{\"@type\":\"WebSite\",\"@id\":\"https:\/\/organonpro.com\/es-es\/#website\",\"url\":\"https:\/\/organonpro.com\/es-es\/\",\"name\":\"Organon Pro - Espa\u00f1a\",\"description\":\"Organon Pro - Espa\u00f1a\",\"publisher\":{\"@id\":\"https:\/\/organonpro.com\/es-es\/#organization\"},\"potentialAction\":[{\"@type\":\"SearchAction\",\"target\":{\"@type\":\"EntryPoint\",\"urlTemplate\":\"https:\/\/organonpro.com\/es-es\/?s={search_term_string}\"},\"query-input\":{\"@type\":\"PropertyValueSpecification\",\"valueRequired\":true,\"valueName\":\"search_term_string\"}}],\"inLanguage\":\"en-US\"},{\"@type\":\"Organization\",\"@id\":\"https:\/\/organonpro.com\/es-es\/#organization\",\"name\":\"Organon Pro - Espa\u00f1a\",\"url\":\"https:\/\/organonpro.com\/es-es\/\",\"logo\":{\"@type\":\"ImageObject\",\"inLanguage\":\"en-US\",\"@id\":\"https:\/\/organonpro.com\/es-es\/#\/schema\/logo\/image\/\",\"url\":\"https:\/\/organonpro.com\/es-es\/wp-content\/uploads\/sites\/11\/2023\/08\/organon-pro-1.webp\",\"contentUrl\":\"https:\/\/organonpro.com\/es-es\/wp-content\/uploads\/sites\/11\/2023\/08\/organon-pro-1.webp\",\"width\":2269,\"height\":243,\"caption\":\"Organon Pro - Espa\u00f1a\"},\"image\":{\"@id\":\"https:\/\/organonpro.com\/es-es\/#\/schema\/logo\/image\/\"},\"sameAs\":[\"https:\/\/www.facebook.com\/OrganonandCo\",\"https:\/\/x.com\/OrganonLLC\"]}]}<\/script>\n<!-- \/ Yoast SEO Premium plugin. -->","yoast_head_json":{"title":"Asma materna durante el embarazo y riesgo de alergia y de asma en la descendencia: revisi\u00f3n sistem\u00e1tica y metaan\u00e1lisis\u00a0 - Organon Pro - Espa\u00f1a","description":"Actual\u00edzate en unos minutos sobre el asma materna durante el embarazo y riesgo de alergia y de asma en la descendencia","robots":{"index":"index","follow":"follow","max-snippet":"max-snippet:-1","max-image-preview":"max-image-preview:large","max-video-preview":"max-video-preview:-1"},"canonical":"https:\/\/organonpro.com\/es-es\/news\/asma-materna-durante-el-embarazo-y-riesgo-alergia-asma-en-la-descendencia\/","og_locale":"en_US","og_type":"article","og_title":"Asma materna durante el embarazo y riesgo de alergia y de asma en la descendencia: revisi\u00f3n sistem\u00e1tica y metaan\u00e1lisis\u00a0","og_description":"Actual\u00edzate en unos minutos sobre el asma materna durante el embarazo y riesgo de alergia y de asma en la descendencia","og_url":"https:\/\/organonpro.com\/es-es\/news\/asma-materna-durante-el-embarazo-y-riesgo-alergia-asma-en-la-descendencia\/","og_site_name":"Organon Pro - Espa\u00f1a","article_publisher":"https:\/\/www.facebook.com\/OrganonandCo","article_modified_time":"2026-01-26T13:27:31+00:00","og_image":[{"width":1200,"height":676,"url":"https:\/\/organonpro.com\/es-es\/wp-content\/uploads\/sites\/11\/2025\/09\/resumen-alergia-embarazo.jpg","type":"image\/jpeg"}],"twitter_card":"summary_large_image","twitter_site":"@OrganonLLC","twitter_misc":{"Est. reading time":"6 minutes"},"schema":{"@context":"https:\/\/schema.org","@graph":[{"@type":"WebPage","@id":"https:\/\/organonpro.com\/es-es\/news\/asma-materna-durante-el-embarazo-y-riesgo-alergia-asma-en-la-descendencia\/","url":"https:\/\/organonpro.com\/es-es\/news\/asma-materna-durante-el-embarazo-y-riesgo-alergia-asma-en-la-descendencia\/","name":"Asma materna durante el embarazo y riesgo de alergia y de asma en la descendencia: revisi\u00f3n sistem\u00e1tica y metaan\u00e1lisis\u00a0 - Organon Pro - Espa\u00f1a","isPartOf":{"@id":"https:\/\/organonpro.com\/es-es\/#website"},"primaryImageOfPage":{"@id":"https:\/\/organonpro.com\/es-es\/news\/asma-materna-durante-el-embarazo-y-riesgo-alergia-asma-en-la-descendencia\/#primaryimage"},"image":{"@id":"https:\/\/organonpro.com\/es-es\/news\/asma-materna-durante-el-embarazo-y-riesgo-alergia-asma-en-la-descendencia\/#primaryimage"},"thumbnailUrl":"https:\/\/organonpro.com\/es-es\/wp-content\/uploads\/sites\/11\/2025\/09\/resumen-alergia-embarazo.jpg","datePublished":"2025-10-01T07:57:03+00:00","dateModified":"2026-01-26T13:27:31+00:00","description":"Actual\u00edzate en unos minutos sobre el asma materna durante el embarazo y riesgo de alergia y de asma en la descendencia","breadcrumb":{"@id":"https:\/\/organonpro.com\/es-es\/news\/asma-materna-durante-el-embarazo-y-riesgo-alergia-asma-en-la-descendencia\/#breadcrumb"},"inLanguage":"en-US","potentialAction":[{"@type":"ReadAction","target":["https:\/\/organonpro.com\/es-es\/news\/asma-materna-durante-el-embarazo-y-riesgo-alergia-asma-en-la-descendencia\/"]}]},{"@type":"ImageObject","inLanguage":"en-US","@id":"https:\/\/organonpro.com\/es-es\/news\/asma-materna-durante-el-embarazo-y-riesgo-alergia-asma-en-la-descendencia\/#primaryimage","url":"https:\/\/organonpro.com\/es-es\/wp-content\/uploads\/sites\/11\/2025\/09\/resumen-alergia-embarazo.jpg","contentUrl":"https:\/\/organonpro.com\/es-es\/wp-content\/uploads\/sites\/11\/2025\/09\/resumen-alergia-embarazo.jpg","width":1200,"height":676,"caption":"mujer embarazada estornudando por alergia"},{"@type":"BreadcrumbList","@id":"https:\/\/organonpro.com\/es-es\/news\/asma-materna-durante-el-embarazo-y-riesgo-alergia-asma-en-la-descendencia\/#breadcrumb","itemListElement":[{"@type":"ListItem","position":1,"name":"Home","item":"https:\/\/organonpro.com\/es-es\/"},{"@type":"ListItem","position":2,"name":"News","item":"https:\/\/organonpro.com\/es-es\/news\/"},{"@type":"ListItem","position":3,"name":"Asma materna durante el embarazo y riesgo de alergia y de asma en la descendencia: revisi\u00f3n sistem\u00e1tica y metaan\u00e1lisis\u00a0"}]},{"@type":"WebSite","@id":"https:\/\/organonpro.com\/es-es\/#website","url":"https:\/\/organonpro.com\/es-es\/","name":"Organon Pro - Espa\u00f1a","description":"Organon Pro - Espa\u00f1a","publisher":{"@id":"https:\/\/organonpro.com\/es-es\/#organization"},"potentialAction":[{"@type":"SearchAction","target":{"@type":"EntryPoint","urlTemplate":"https:\/\/organonpro.com\/es-es\/?s={search_term_string}"},"query-input":{"@type":"PropertyValueSpecification","valueRequired":true,"valueName":"search_term_string"}}],"inLanguage":"en-US"},{"@type":"Organization","@id":"https:\/\/organonpro.com\/es-es\/#organization","name":"Organon Pro - Espa\u00f1a","url":"https:\/\/organonpro.com\/es-es\/","logo":{"@type":"ImageObject","inLanguage":"en-US","@id":"https:\/\/organonpro.com\/es-es\/#\/schema\/logo\/image\/","url":"https:\/\/organonpro.com\/es-es\/wp-content\/uploads\/sites\/11\/2023\/08\/organon-pro-1.webp","contentUrl":"https:\/\/organonpro.com\/es-es\/wp-content\/uploads\/sites\/11\/2023\/08\/organon-pro-1.webp","width":2269,"height":243,"caption":"Organon Pro - Espa\u00f1a"},"image":{"@id":"https:\/\/organonpro.com\/es-es\/#\/schema\/logo\/image\/"},"sameAs":["https:\/\/www.facebook.com\/OrganonandCo","https:\/\/x.com\/OrganonLLC"]}]}},"jetpack_sharing_enabled":true,"_links":{"self":[{"href":"https:\/\/organonpro.com\/es-es\/wp-json\/wp\/v2\/news\/36633","targetHints":{"allow":["GET"]}}],"collection":[{"href":"https:\/\/organonpro.com\/es-es\/wp-json\/wp\/v2\/news"}],"about":[{"href":"https:\/\/organonpro.com\/es-es\/wp-json\/wp\/v2\/types\/news"}],"author":[{"embeddable":true,"href":"https:\/\/organonpro.com\/es-es\/wp-json\/wp\/v2\/users\/120"}],"wp:featuredmedia":[{"embeddable":true,"href":"https:\/\/organonpro.com\/es-es\/wp-json\/wp\/v2\/media\/36634"}],"wp:attachment":[{"href":"https:\/\/organonpro.com\/es-es\/wp-json\/wp\/v2\/media?parent=36633"}],"wp:term":[{"taxonomy":"post_tag","embeddable":true,"href":"https:\/\/organonpro.com\/es-es\/wp-json\/wp\/v2\/tags?post=36633"},{"taxonomy":"news_categories","embeddable":true,"href":"https:\/\/organonpro.com\/es-es\/wp-json\/wp\/v2\/news_categories?post=36633"}],"curies":[{"name":"wp","href":"https:\/\/api.w.org\/{rel}","templated":true}]}}