{"id":28145,"date":"2025-07-01T08:27:41","date_gmt":"2025-07-01T08:27:41","guid":{"rendered":"https:\/\/organonpro.com\/es-es\/?post_type=news&#038;p=28145"},"modified":"2026-01-27T09:01:19","modified_gmt":"2026-01-27T09:01:19","slug":"tiempo-entre-lesion-meniscal-y-reparacion-meniscal-aislada","status":"publish","type":"news","link":"https:\/\/organonpro.com\/es-es\/news\/tiempo-entre-lesion-meniscal-y-reparacion-meniscal-aislada\/","title":{"rendered":"Efecto del tiempo entre la lesi\u00f3n meniscal y la reparaci\u00f3n meniscal aislada en los resultados posoperatorios: revisi\u00f3n sistem\u00e1tica\u00a0"},"content":{"rendered":"\n<p><em>Javid K, Akins X, Lemaster NG, Ahmad A, Stone AV. Impact of time between meniscal injury and isolated meniscus repair on post-operative outcomes: A systematic review. World J Clin Cases. 2025;13(7):95004.\u00a0\u00a0<\/em><\/p>\n\n\n\n<div style=\"height:40px\" aria-hidden=\"true\" class=\"wp-block-spacer\"><\/div>\n\n\n\n<p><strong>Puntos clave<\/strong>:<\/p>\n\n\n\n<ul class=\"wp-block-list\">\n<li>La evidencia sobre la influencia del tiempo entre la lesi\u00f3n meniscal y la reparaci\u00f3n meniscal aislada en los resultados posoperatorios es contradictoria.\u00a0<\/li>\n\n\n\n<li>En esta revisi\u00f3n sistem\u00e1tica, tres de cinco estudios (60\u202f%) no encontraron una asociaci\u00f3n estad\u00edsticamente significativa entre el tiempo hasta la cirug\u00eda y los resultados posoperatorios, como la tasa de fallo y las puntuaciones de Lysholm, Tegner e IKDC.\u00a0<\/li>\n<\/ul>\n\n\n\n<div style=\"height:40px\" aria-hidden=\"true\" class=\"wp-block-spacer\"><\/div>\n\n\n\n<p class=\"has-text-color has-link-color wp-elements-9f5b5349f7952b407f26fc88b879915f\" style=\"color:#e21077;font-size:25px\">Introducci\u00f3n\u00a0<\/p>\n\n\n\n<p>Aunque la reparaci\u00f3n meniscal aislada es uno de los procedimientos traumatol\u00f3gicos m\u00e1s frecuentes, no est\u00e1 claro si los resultados posoperatorios del paciente se ven afectados por el intervalo de tiempo entre la lesi\u00f3n y la reparaci\u00f3n meniscal aislada. Evaluar esta relaci\u00f3n es importante, ya que puede influir en la toma de decisiones cl\u00ednicas y contribuir al proceso de informaci\u00f3n preoperatoria del paciente.\u00a0<\/p>\n\n\n\n<div style=\"height:40px\" aria-hidden=\"true\" class=\"wp-block-spacer\"><\/div>\n\n\n\n<p class=\"has-text-color has-link-color wp-elements-a199e85310ba0ab9f033922e614fdd3c\" style=\"color:#e21077;font-size:25px\">M\u00e9todos\u00a0<\/p>\n\n\n\n<p>Se realiz\u00f3 una revisi\u00f3n sistem\u00e1tica de la literatura en busca de estudios que reportaran resultados posoperatorios asociados al tiempo transcurrido entre la lesi\u00f3n meniscal y la reparaci\u00f3n.\u00a0<\/p>\n\n\n\n<div style=\"height:40px\" aria-hidden=\"true\" class=\"wp-block-spacer\"><\/div>\n\n\n\n<p class=\"has-text-color has-link-color wp-elements-b29e98f16d127d0a65c955d5bab820be\" style=\"color:#e21077;font-size:25px\">Resultados\u00a0<\/p>\n\n\n\n<p>Se identificaron cinco estudios que inclu\u00edan informaci\u00f3n sobre el tiempo transcurrido entre la lesi\u00f3n meniscal y la reparaci\u00f3n meniscal aislada, as\u00ed como sobre los resultados posoperatorios.&nbsp;&nbsp;<\/p>\n\n\n\n<p>Se incluyeron 204 pacientes (121 hombres y 83 mujeres), con una edad media de 34,2 a\u00f1os (rango: 9-58 a\u00f1os). El tiempo medio hasta la intervenci\u00f3n quir\u00fargica fue de 3,12 meses (rango: 3 semanas-1 a\u00f1o).&nbsp;&nbsp;<\/p>\n\n\n\n<p class=\"has-text-align-center has-text-color has-link-color wp-elements-46e4371dc2bb66e61d963515f3dfd216\" style=\"color:#e20177\"><em><em><em><em><em>La mayor\u00eda de los estudios no hallaron una asociaci\u00f3n significativa entre el tiempo hasta la cirug\u00eda y los resultados.\u00a0\u00a0<\/em><\/em><\/em><\/em><\/em><\/p>\n\n\n\n<p>Tres de los cinco estudios (60\u202f%) determinaron que el intervalo entre la lesi\u00f3n y la intervenci\u00f3n quir\u00fargica no fue estad\u00edsticamente significativo. En estos estudios, no se encontr\u00f3 asociaci\u00f3n entre el tiempo hasta la cirug\u00eda y las siguientes variables posoperatorias: puntuaciones en la escala de Lysholm (<em>p<\/em> = 0,62), puntuaciones en la escala de Tegner (<em>p<\/em> = 0,46), tasa de fallo (<em>p<\/em> = 0,45; <em>p<\/em> = 0,86) y puntuaciones del International Knee Documentation Committee (IKDC) (<em>p<\/em> = 0,65).&nbsp;&nbsp;<\/p>\n\n\n\n<p>En cambio, dos de los cinco estudios (40\u202f%) observaron un aumento estad\u00edsticamente significativo en las puntuaciones postoperatorias de Lysholm con un menor tiempo hasta la cirug\u00eda (<em>p<\/em> = 0,03), as\u00ed como una asociaci\u00f3n significativa entre la progresi\u00f3n de la ratio de extrusi\u00f3n del menisco interno y el tiempo hasta la cirug\u00eda (<em>p<\/em> = 0,01).&nbsp;&nbsp;<\/p>\n\n\n\n<p>Debido a la falta de uniformidad de los resultados, se dio una recomendaci\u00f3n de grado B al efecto del tiempo entre la lesi\u00f3n meniscal y su reparaci\u00f3n aislada en los resultados postoperatorios.&nbsp;<\/p>\n\n\n\n<div style=\"height:40px\" aria-hidden=\"true\" class=\"wp-block-spacer\"><\/div>\n\n\n\n<p class=\"has-text-color has-link-color wp-elements-f6c1e1c9bbfda838f7d180ab6063e0c6\" style=\"color:#e21077;font-size:25px\">Discusi\u00f3n\u00a0<\/p>\n\n\n\n<p class=\"has-text-align-center has-text-color has-link-color wp-elements-2665e6c8a0f66afadf49d4b4f12934eb\" style=\"color:#e20177\"><em><em><em><em><em>La mayor\u00eda de los estudios no encontraron una asociaci\u00f3n estad\u00edsticamente significativa entre el tiempo hasta la reparaci\u00f3n meniscal y los resultados postoperatorios, tanto objetivos (tasa de fallo) como subjetivos (puntuaciones de Lysholm, Tegner e IKDC).\u00a0\u00a0<\/em><\/em><\/em><\/em><\/em><\/p>\n\n\n\n<div style=\"height:40px\" aria-hidden=\"true\" class=\"wp-block-spacer\"><\/div>\n\n\n\n<p class=\"has-text-color has-link-color wp-elements-0841d3f48827c97c6d5980469c8a2644\" style=\"color:#e21077;font-size:25px\">Conclusi\u00f3n\u00a0<\/p>\n\n\n\n<p>Seg\u00fan estos resultados, no se pudo afirmar que el tiempo transcurrido hasta la cirug\u00eda tras una lesi\u00f3n influyera en los resultados de las reparaciones meniscales aisladas. Tambi\u00e9n deben tenerse en cuenta otros factores relevantes en la planificaci\u00f3n quir\u00fargica, como la decisi\u00f3n entre reparar el menisco o efectuar una meniscectom\u00eda. El an\u00e1lisis demostr\u00f3 que la evidencia sobre el efecto entre la lesi\u00f3n y la cirug\u00eda en los resultados postoperatorios es contradictoria.\u00a0\u00a0<\/p>\n\n\n\n<div style=\"height:40px\" aria-hidden=\"true\" class=\"wp-block-spacer\"><\/div>\n\n\n\n<p><strong>Enlace al art\u00edculo original<\/strong>: <a href=\"https:\/\/pmc.ncbi.nlm.nih.gov\/articles\/PMC11612683\/\" target=\"_blank\" rel=\"noreferrer noopener\">https:\/\/pmc.ncbi.nlm.nih.gov\/articles\/PMC11612683\/<\/a>\u00a0\u00a0<\/p>\n\n\n\n<div style=\"height:40px\" aria-hidden=\"true\" class=\"wp-block-spacer\"><\/div>\n\n\n\n<p class=\"has-text-align-center\">Este contenido estar\u00e1 disponible hasta el<strong>\u00a016 de\u00a0mayo de\u00a02030<\/strong>.<\/p>\n","protected":false},"excerpt":{"rendered":"<p>Javid K, Akins X, Lemaster NG, Ahmad A, Stone AV. Impact of time between meniscal injury and isolated meniscus repair on post-operative outcomes: A systematic review. World J Clin Cases. 2025;13(7):95004.\u00a0\u00a0 Puntos clave: Introducci\u00f3n\u00a0 Aunque la reparaci\u00f3n meniscal aislada es uno de los procedimientos traumatol\u00f3gicos m\u00e1s frecuentes, no est\u00e1 claro si los resultados posoperatorios del [&hellip;]<\/p>\n","protected":false},"author":120,"featured_media":28212,"parent":0,"menu_order":0,"template":"","meta":{"_acf_changed":true},"tags":[],"news_categories":[203],"class_list":["post-28145","news","type-news","status-publish","has-post-thumbnail","hentry","news_categories-traumatologia"],"acf":[],"yoast_head":"<!-- This site is optimized with the Yoast SEO Premium plugin v20.11 (Yoast SEO v26.6) - https:\/\/yoast.com\/wordpress\/plugins\/seo\/ -->\n<title>Efecto del tiempo entre la lesi\u00f3n meniscal y la reparaci\u00f3n meniscal aislada en los resultados posoperatorios: revisi\u00f3n sistem\u00e1tica\u00a0 - Organon Pro - Espa\u00f1a<\/title>\n<meta name=\"description\" content=\"Actual\u00edzate en unos minutos sobre el efecto del tiempo entre la lesi\u00f3n meniscal y la reparaci\u00f3n meniscal aislada en los resultados posoperatorios\" \/>\n<meta name=\"robots\" content=\"noindex, follow\" \/>\n<meta property=\"og:locale\" content=\"en_US\" \/>\n<meta property=\"og:type\" content=\"article\" \/>\n<meta property=\"og:title\" content=\"Efecto del tiempo entre la lesi\u00f3n meniscal y la reparaci\u00f3n meniscal aislada en los resultados posoperatorios: revisi\u00f3n sistem\u00e1tica\u00a0\" \/>\n<meta property=\"og:description\" content=\"Actual\u00edzate en unos minutos sobre el efecto del tiempo entre la lesi\u00f3n meniscal y la reparaci\u00f3n meniscal aislada en los resultados posoperatorios\" \/>\n<meta property=\"og:url\" content=\"https:\/\/organonpro.com\/es-es\/news\/tiempo-entre-lesion-meniscal-y-reparacion-meniscal-aislada\/\" \/>\n<meta property=\"og:site_name\" content=\"Organon Pro - Espa\u00f1a\" \/>\n<meta property=\"article:publisher\" content=\"https:\/\/www.facebook.com\/OrganonandCo\" \/>\n<meta property=\"article:modified_time\" content=\"2026-01-27T09:01:19+00:00\" \/>\n<meta property=\"og:image\" content=\"https:\/\/organonpro.com\/es-es\/wp-content\/uploads\/sites\/11\/2025\/06\/resumen-lesion-meniscal.jpg\" \/>\n\t<meta property=\"og:image:width\" content=\"1200\" \/>\n\t<meta property=\"og:image:height\" content=\"676\" \/>\n\t<meta property=\"og:image:type\" content=\"image\/jpeg\" \/>\n<meta name=\"twitter:card\" content=\"summary_large_image\" \/>\n<meta name=\"twitter:site\" content=\"@OrganonLLC\" \/>\n<meta name=\"twitter:label1\" content=\"Est. reading time\" \/>\n\t<meta name=\"twitter:data1\" content=\"3 minutes\" \/>\n<script type=\"application\/ld+json\" class=\"yoast-schema-graph\">{\"@context\":\"https:\/\/schema.org\",\"@graph\":[{\"@type\":\"WebPage\",\"@id\":\"https:\/\/organonpro.com\/es-es\/news\/tiempo-entre-lesion-meniscal-y-reparacion-meniscal-aislada\/\",\"url\":\"https:\/\/organonpro.com\/es-es\/news\/tiempo-entre-lesion-meniscal-y-reparacion-meniscal-aislada\/\",\"name\":\"Efecto del tiempo entre la lesi\u00f3n meniscal y la reparaci\u00f3n meniscal aislada en los resultados posoperatorios: revisi\u00f3n sistem\u00e1tica\u00a0 - Organon Pro - Espa\u00f1a\",\"isPartOf\":{\"@id\":\"https:\/\/organonpro.com\/es-es\/#website\"},\"primaryImageOfPage\":{\"@id\":\"https:\/\/organonpro.com\/es-es\/news\/tiempo-entre-lesion-meniscal-y-reparacion-meniscal-aislada\/#primaryimage\"},\"image\":{\"@id\":\"https:\/\/organonpro.com\/es-es\/news\/tiempo-entre-lesion-meniscal-y-reparacion-meniscal-aislada\/#primaryimage\"},\"thumbnailUrl\":\"https:\/\/organonpro.com\/es-es\/wp-content\/uploads\/sites\/11\/2025\/06\/resumen-lesion-meniscal.jpg\",\"datePublished\":\"2025-07-01T08:27:41+00:00\",\"dateModified\":\"2026-01-27T09:01:19+00:00\",\"description\":\"Actual\u00edzate en unos minutos sobre el efecto del tiempo entre la lesi\u00f3n meniscal y la reparaci\u00f3n meniscal aislada en los resultados posoperatorios\",\"breadcrumb\":{\"@id\":\"https:\/\/organonpro.com\/es-es\/news\/tiempo-entre-lesion-meniscal-y-reparacion-meniscal-aislada\/#breadcrumb\"},\"inLanguage\":\"en-US\",\"potentialAction\":[{\"@type\":\"ReadAction\",\"target\":[\"https:\/\/organonpro.com\/es-es\/news\/tiempo-entre-lesion-meniscal-y-reparacion-meniscal-aislada\/\"]}]},{\"@type\":\"ImageObject\",\"inLanguage\":\"en-US\",\"@id\":\"https:\/\/organonpro.com\/es-es\/news\/tiempo-entre-lesion-meniscal-y-reparacion-meniscal-aislada\/#primaryimage\",\"url\":\"https:\/\/organonpro.com\/es-es\/wp-content\/uploads\/sites\/11\/2025\/06\/resumen-lesion-meniscal.jpg\",\"contentUrl\":\"https:\/\/organonpro.com\/es-es\/wp-content\/uploads\/sites\/11\/2025\/06\/resumen-lesion-meniscal.jpg\",\"width\":1200,\"height\":676},{\"@type\":\"BreadcrumbList\",\"@id\":\"https:\/\/organonpro.com\/es-es\/news\/tiempo-entre-lesion-meniscal-y-reparacion-meniscal-aislada\/#breadcrumb\",\"itemListElement\":[{\"@type\":\"ListItem\",\"position\":1,\"name\":\"Home\",\"item\":\"https:\/\/organonpro.com\/es-es\/\"},{\"@type\":\"ListItem\",\"position\":2,\"name\":\"News\",\"item\":\"https:\/\/organonpro.com\/es-es\/news\/\"},{\"@type\":\"ListItem\",\"position\":3,\"name\":\"Efecto del tiempo entre la lesi\u00f3n meniscal y la reparaci\u00f3n meniscal aislada en los resultados posoperatorios: revisi\u00f3n sistem\u00e1tica\u00a0\"}]},{\"@type\":\"WebSite\",\"@id\":\"https:\/\/organonpro.com\/es-es\/#website\",\"url\":\"https:\/\/organonpro.com\/es-es\/\",\"name\":\"Organon Pro - Espa\u00f1a\",\"description\":\"Organon Pro - Espa\u00f1a\",\"publisher\":{\"@id\":\"https:\/\/organonpro.com\/es-es\/#organization\"},\"potentialAction\":[{\"@type\":\"SearchAction\",\"target\":{\"@type\":\"EntryPoint\",\"urlTemplate\":\"https:\/\/organonpro.com\/es-es\/?s={search_term_string}\"},\"query-input\":{\"@type\":\"PropertyValueSpecification\",\"valueRequired\":true,\"valueName\":\"search_term_string\"}}],\"inLanguage\":\"en-US\"},{\"@type\":\"Organization\",\"@id\":\"https:\/\/organonpro.com\/es-es\/#organization\",\"name\":\"Organon Pro - Espa\u00f1a\",\"url\":\"https:\/\/organonpro.com\/es-es\/\",\"logo\":{\"@type\":\"ImageObject\",\"inLanguage\":\"en-US\",\"@id\":\"https:\/\/organonpro.com\/es-es\/#\/schema\/logo\/image\/\",\"url\":\"https:\/\/organonpro.com\/es-es\/wp-content\/uploads\/sites\/11\/2023\/08\/organon-pro-1.webp\",\"contentUrl\":\"https:\/\/organonpro.com\/es-es\/wp-content\/uploads\/sites\/11\/2023\/08\/organon-pro-1.webp\",\"width\":2269,\"height\":243,\"caption\":\"Organon Pro - Espa\u00f1a\"},\"image\":{\"@id\":\"https:\/\/organonpro.com\/es-es\/#\/schema\/logo\/image\/\"},\"sameAs\":[\"https:\/\/www.facebook.com\/OrganonandCo\",\"https:\/\/x.com\/OrganonLLC\"]}]}<\/script>\n<!-- \/ Yoast SEO Premium plugin. -->","yoast_head_json":{"title":"Efecto del tiempo entre la lesi\u00f3n meniscal y la reparaci\u00f3n meniscal aislada en los resultados posoperatorios: revisi\u00f3n sistem\u00e1tica\u00a0 - Organon Pro - Espa\u00f1a","description":"Actual\u00edzate en unos minutos sobre el efecto del tiempo entre la lesi\u00f3n meniscal y la reparaci\u00f3n meniscal aislada en los resultados posoperatorios","robots":{"index":"noindex","follow":"follow"},"og_locale":"en_US","og_type":"article","og_title":"Efecto del tiempo entre la lesi\u00f3n meniscal y la reparaci\u00f3n meniscal aislada en los resultados posoperatorios: revisi\u00f3n sistem\u00e1tica\u00a0","og_description":"Actual\u00edzate en unos minutos sobre el efecto del tiempo entre la lesi\u00f3n meniscal y la reparaci\u00f3n meniscal aislada en los resultados posoperatorios","og_url":"https:\/\/organonpro.com\/es-es\/news\/tiempo-entre-lesion-meniscal-y-reparacion-meniscal-aislada\/","og_site_name":"Organon Pro - Espa\u00f1a","article_publisher":"https:\/\/www.facebook.com\/OrganonandCo","article_modified_time":"2026-01-27T09:01:19+00:00","og_image":[{"width":1200,"height":676,"url":"https:\/\/organonpro.com\/es-es\/wp-content\/uploads\/sites\/11\/2025\/06\/resumen-lesion-meniscal.jpg","type":"image\/jpeg"}],"twitter_card":"summary_large_image","twitter_site":"@OrganonLLC","twitter_misc":{"Est. reading time":"3 minutes"},"schema":{"@context":"https:\/\/schema.org","@graph":[{"@type":"WebPage","@id":"https:\/\/organonpro.com\/es-es\/news\/tiempo-entre-lesion-meniscal-y-reparacion-meniscal-aislada\/","url":"https:\/\/organonpro.com\/es-es\/news\/tiempo-entre-lesion-meniscal-y-reparacion-meniscal-aislada\/","name":"Efecto del tiempo entre la lesi\u00f3n meniscal y la reparaci\u00f3n meniscal aislada en los resultados posoperatorios: revisi\u00f3n sistem\u00e1tica\u00a0 - Organon Pro - Espa\u00f1a","isPartOf":{"@id":"https:\/\/organonpro.com\/es-es\/#website"},"primaryImageOfPage":{"@id":"https:\/\/organonpro.com\/es-es\/news\/tiempo-entre-lesion-meniscal-y-reparacion-meniscal-aislada\/#primaryimage"},"image":{"@id":"https:\/\/organonpro.com\/es-es\/news\/tiempo-entre-lesion-meniscal-y-reparacion-meniscal-aislada\/#primaryimage"},"thumbnailUrl":"https:\/\/organonpro.com\/es-es\/wp-content\/uploads\/sites\/11\/2025\/06\/resumen-lesion-meniscal.jpg","datePublished":"2025-07-01T08:27:41+00:00","dateModified":"2026-01-27T09:01:19+00:00","description":"Actual\u00edzate en unos minutos sobre el efecto del tiempo entre la lesi\u00f3n meniscal y la reparaci\u00f3n meniscal aislada en los resultados posoperatorios","breadcrumb":{"@id":"https:\/\/organonpro.com\/es-es\/news\/tiempo-entre-lesion-meniscal-y-reparacion-meniscal-aislada\/#breadcrumb"},"inLanguage":"en-US","potentialAction":[{"@type":"ReadAction","target":["https:\/\/organonpro.com\/es-es\/news\/tiempo-entre-lesion-meniscal-y-reparacion-meniscal-aislada\/"]}]},{"@type":"ImageObject","inLanguage":"en-US","@id":"https:\/\/organonpro.com\/es-es\/news\/tiempo-entre-lesion-meniscal-y-reparacion-meniscal-aislada\/#primaryimage","url":"https:\/\/organonpro.com\/es-es\/wp-content\/uploads\/sites\/11\/2025\/06\/resumen-lesion-meniscal.jpg","contentUrl":"https:\/\/organonpro.com\/es-es\/wp-content\/uploads\/sites\/11\/2025\/06\/resumen-lesion-meniscal.jpg","width":1200,"height":676},{"@type":"BreadcrumbList","@id":"https:\/\/organonpro.com\/es-es\/news\/tiempo-entre-lesion-meniscal-y-reparacion-meniscal-aislada\/#breadcrumb","itemListElement":[{"@type":"ListItem","position":1,"name":"Home","item":"https:\/\/organonpro.com\/es-es\/"},{"@type":"ListItem","position":2,"name":"News","item":"https:\/\/organonpro.com\/es-es\/news\/"},{"@type":"ListItem","position":3,"name":"Efecto del tiempo entre la lesi\u00f3n meniscal y la reparaci\u00f3n meniscal aislada en los resultados posoperatorios: revisi\u00f3n sistem\u00e1tica\u00a0"}]},{"@type":"WebSite","@id":"https:\/\/organonpro.com\/es-es\/#website","url":"https:\/\/organonpro.com\/es-es\/","name":"Organon Pro - Espa\u00f1a","description":"Organon Pro - Espa\u00f1a","publisher":{"@id":"https:\/\/organonpro.com\/es-es\/#organization"},"potentialAction":[{"@type":"SearchAction","target":{"@type":"EntryPoint","urlTemplate":"https:\/\/organonpro.com\/es-es\/?s={search_term_string}"},"query-input":{"@type":"PropertyValueSpecification","valueRequired":true,"valueName":"search_term_string"}}],"inLanguage":"en-US"},{"@type":"Organization","@id":"https:\/\/organonpro.com\/es-es\/#organization","name":"Organon Pro - Espa\u00f1a","url":"https:\/\/organonpro.com\/es-es\/","logo":{"@type":"ImageObject","inLanguage":"en-US","@id":"https:\/\/organonpro.com\/es-es\/#\/schema\/logo\/image\/","url":"https:\/\/organonpro.com\/es-es\/wp-content\/uploads\/sites\/11\/2023\/08\/organon-pro-1.webp","contentUrl":"https:\/\/organonpro.com\/es-es\/wp-content\/uploads\/sites\/11\/2023\/08\/organon-pro-1.webp","width":2269,"height":243,"caption":"Organon Pro - Espa\u00f1a"},"image":{"@id":"https:\/\/organonpro.com\/es-es\/#\/schema\/logo\/image\/"},"sameAs":["https:\/\/www.facebook.com\/OrganonandCo","https:\/\/x.com\/OrganonLLC"]}]}},"jetpack_sharing_enabled":true,"_links":{"self":[{"href":"https:\/\/organonpro.com\/es-es\/wp-json\/wp\/v2\/news\/28145","targetHints":{"allow":["GET"]}}],"collection":[{"href":"https:\/\/organonpro.com\/es-es\/wp-json\/wp\/v2\/news"}],"about":[{"href":"https:\/\/organonpro.com\/es-es\/wp-json\/wp\/v2\/types\/news"}],"author":[{"embeddable":true,"href":"https:\/\/organonpro.com\/es-es\/wp-json\/wp\/v2\/users\/120"}],"wp:featuredmedia":[{"embeddable":true,"href":"https:\/\/organonpro.com\/es-es\/wp-json\/wp\/v2\/media\/28212"}],"wp:attachment":[{"href":"https:\/\/organonpro.com\/es-es\/wp-json\/wp\/v2\/media?parent=28145"}],"wp:term":[{"taxonomy":"post_tag","embeddable":true,"href":"https:\/\/organonpro.com\/es-es\/wp-json\/wp\/v2\/tags?post=28145"},{"taxonomy":"news_categories","embeddable":true,"href":"https:\/\/organonpro.com\/es-es\/wp-json\/wp\/v2\/news_categories?post=28145"}],"curies":[{"name":"wp","href":"https:\/\/api.w.org\/{rel}","templated":true}]}}