{"id":28121,"date":"2025-07-01T07:18:19","date_gmt":"2025-07-01T07:18:19","guid":{"rendered":"https:\/\/organonpro.com\/es-es\/?post_type=news&#038;p=28121"},"modified":"2026-01-27T09:11:54","modified_gmt":"2026-01-27T09:11:54","slug":"manejo-quirurgico-rinosinusitis-cronica-primaria-difusa-de-tipo-2-dominante","status":"publish","type":"news","link":"https:\/\/organonpro.com\/es-es\/news\/manejo-quirurgico-rinosinusitis-cronica-primaria-difusa-de-tipo-2-dominante\/","title":{"rendered":"Consenso de expertos sobre el manejo quir\u00fargico de la rinosinusitis cr\u00f3nica primaria difusa de tipo 2 dominante\u00a0\u00a0"},"content":{"rendered":"\n<p><em>Blauwblomme M, Georgalas C, Ahmed S, Alobid I, Battaglia P, Castelnuovo P, et al. Expert Consensus on Surgical Management of Primary Diffuse Type 2-Dominant Chronic Rhinosinusitis. Int Forum Allergy Rhinol. mar 2025;15(3):303-16.\u00a0<\/em><\/p>\n\n\n\n<div style=\"height:40px\" aria-hidden=\"true\" class=\"wp-block-spacer\"><\/div>\n\n\n\n<p><strong>Puntos clave<\/strong>:<\/p>\n\n\n\n<ul class=\"wp-block-list\">\n<li>El objetivo de este consenso de expertos fue identificar los aspectos clave en la toma de decisiones quir\u00fargicas y destacar las tendencias novedosas del abordaje de la rinosinusitis cr\u00f3nica primaria difusa de tipo 2 dominante.\u00a0<\/li>\n\n\n\n<li>El objetivo principal de la cirug\u00eda es mejorar el acceso de los corticoesteroides t\u00f3picos.\u00a0<\/li>\n\n\n\n<li>Si la cirug\u00eda sinusal primaria resulta ineficaz a pesar de una buena adherencia al tratamiento t\u00f3pico, deben considerarse opciones como la cirug\u00eda de revisi\u00f3n, la terapia biol\u00f3gica o una combinaci\u00f3n de ambas.\u00a0<\/li>\n\n\n\n<li>Una cirug\u00eda adecuada, tanto primaria como de revisi\u00f3n, debe incluir la eliminaci\u00f3n completa de los p\u00f3lipos y la mucosa enferma y asegurar condiciones \u00f3ptimas para la aplicaci\u00f3n del tratamiento t\u00f3pico.\u00a0<\/li>\n\n\n\n<li>La cirug\u00eda endosc\u00f3pica debe acompa\u00f1arse de un tratamiento m\u00e9dico en el posoperatorio, que incluya lavados con suero salino y corticosteroides t\u00f3picos aplicados mediante dispositivos como <em>sprays<\/em> o irrigaci\u00f3n nasal.\u00a0<\/li>\n<\/ul>\n\n\n\n<div style=\"height:40px\" aria-hidden=\"true\" class=\"wp-block-spacer\"><\/div>\n\n\n\n<p class=\"has-text-color has-link-color wp-elements-9f5b5349f7952b407f26fc88b879915f\" style=\"color:#e21077;font-size:25px\">Introducci\u00f3n\u00a0<\/p>\n\n\n\n<p>La comprensi\u00f3n de los mecanismos fisiopatol\u00f3gicos de la rinosinusitis cr\u00f3nica (RC) ha supuesto un cambio en la clasificaci\u00f3n tradicional de RC con o sin p\u00f3lipos nasales. Se ha propuesto una nueva categorizaci\u00f3n que distingue entre RC primaria y secundaria y entre formas localizadas (la mayor\u00eda, unilaterales) o difusas (siempre bilaterales). Tanto las localizadas como las difusas pueden a su vez clasificarse seg\u00fan predomine o no el endotipo 2. Este nuevo enfoque requiere reevaluar la indicaci\u00f3n quir\u00fargica en cada caso.&nbsp;<\/p>\n\n\n\n<p>Las decisiones terap\u00e9uticas en la RC se gu\u00edan cada vez m\u00e1s por la clasificaci\u00f3n del endotipo asociada a la producci\u00f3n elevada de inmunoglobulina E (IgE) s\u00e9rica, la eosinofilia tisular o sangu\u00ednea y la presencia de asma. Los corticoesteroides t\u00f3picos mantienen un papel fundamental en el tratamiento de la RC difusa, ya que modulan la inflamaci\u00f3n local.&nbsp;<\/p>\n\n\n\n<p>Como complemento al tratamiento, la cirug\u00eda endosc\u00f3pica nasosinusal (CENS) se considera el est\u00e1ndar quir\u00fargico, ya que ofrece m\u00faltiples beneficios m\u00e1s all\u00e1 de mejorar la ventilaci\u00f3n y el drenaje sinusal: permite crear una cavidad sinusal que respeta el <em>ostium<\/em> natural, eliminar el tejido remodelado, optimizar la depuraci\u00f3n mucociliar y facilitar el tratamiento local.&nbsp;<\/p>\n\n\n\n<p>El tratamiento de la RC primaria difusa de tipo 2 dominante suele ser un reto, ya que tiende a ser m\u00e1s resistente al tratamiento m\u00e9dico y quir\u00fargico, y hasta un 18,6\u202f% de los pacientes requieren cirug\u00eda de revisi\u00f3n.&nbsp;<\/p>\n\n\n\n<p>El objetivo de este consenso de expertos fue identificar los aspectos clave en la toma de decisiones quir\u00fargicas y destacar las tendencias novedosas del abordaje de esta enfermedad.&nbsp;<\/p>\n\n\n\n<div style=\"height:40px\" aria-hidden=\"true\" class=\"wp-block-spacer\"><\/div>\n\n\n\n<p class=\"has-text-color has-link-color wp-elements-a199e85310ba0ab9f033922e614fdd3c\" style=\"color:#e21077;font-size:25px\">M\u00e9todos\u00a0<\/p>\n\n\n\n<p>Este consenso Delphi internacional reuni\u00f3 a expertos en rinosinusitis cr\u00f3nica y cirug\u00eda sinusal de 13 pa\u00edses. El proceso incluy\u00f3 tres rondas de evaluaci\u00f3n (una de ellas presencial durante el congreso Santo-Rhino 2023).&nbsp;<\/p>\n\n\n\n<p>Las preguntas de la encuesta se respondieron utilizando una escala de Likert de 7 puntos.&nbsp;<\/p>\n\n\n\n<div style=\"height:40px\" aria-hidden=\"true\" class=\"wp-block-spacer\"><\/div>\n\n\n\n<p class=\"has-text-color has-link-color wp-elements-b29e98f16d127d0a65c955d5bab820be\" style=\"color:#e21077;font-size:25px\">Resultados\u00a0<\/p>\n\n\n\n<p>El consenso se alcanz\u00f3 en 45 de las 67 afirmaciones elaboradas.\u00a0<\/p>\n\n\n\n<div style=\"height:40px\" aria-hidden=\"true\" class=\"wp-block-spacer\"><\/div>\n\n\n\n<p class=\"has-text-color has-link-color wp-elements-f6c1e1c9bbfda838f7d180ab6063e0c6\" style=\"color:#e21077;font-size:25px\">Discusi\u00f3n\u00a0<\/p>\n\n\n\n<p>El panel alcanz\u00f3 un consenso s\u00f3lido en la mayor\u00eda de las afirmaciones, con una respuesta media de 7 (\u00abtotalmente de acuerdo\u00bb) en 34 afirmaciones y de 6 (\u00abde acuerdo\u00bb) en 11 afirmaciones.\u00a0<\/p>\n\n\n\n<div style=\"height:40px\" aria-hidden=\"true\" class=\"wp-block-spacer\"><\/div>\n\n\n\n<p class=\"has-text-color has-link-color has-medium-font-size wp-elements-6e65e557bf3dd7e4cfc4826ffba5198e\" style=\"color:#e21077\">Objetivos, indicaciones y manejo preoperatorio en la cirug\u00eda primaria\u00a0<\/p>\n\n\n\n<p class=\"has-text-align-center has-text-color has-link-color wp-elements-d8f611d6f5c410117990b82fa79d1561\" style=\"color:#e20177\"><em><em><em><em><em>El principal objetivo de la CENS es optimizar el efecto de los corticoesteroides intranasales, mejorando su acceso a las \u00e1reas afectadas y, con ello, el control de la inflamaci\u00f3n.\u00a0<\/em><\/em><\/em><\/em><\/em><\/p>\n\n\n\n<p>Los corticoesteroides intranasales desempe\u00f1an un papel importante en el control de la inflamaci\u00f3n de la mucosa en este endotipo, ya que mejoran los s\u00edntomas, reducen el tama\u00f1o de los p\u00f3lipos y previenen su reaparici\u00f3n tras la cirug\u00eda.&nbsp;<\/p>\n\n\n\n<p>Debe darse tratamiento m\u00e9dico adecuado a los pacientes que todav\u00eda no se han operado con corticoesteroides t\u00f3picos, mediante dispositivos eficaces (como irrigaci\u00f3n o <em>sprays<\/em>) y, si no hay contraindicaciones, un ciclo corto de corticoesteroides orales (91 % de acuerdo). Sin embargo, no se alcanz\u00f3 consenso sobre la necesidad de este tratamiento previo en todos los casos; se consider\u00f3 que podr\u00eda omitirse en poliposis masiva, rinosinusitis f\u00fangica al\u00e9rgica, patolog\u00edas concomitantes (hamartoma respiratorio adenoepitelial\/mucoceles) o enfermedad respiratoria inferior no controlada. En cambio, s\u00ed hubo consenso en que, si el tratamiento m\u00e9dico adecuado fracasa tras 3 meses, la cirug\u00eda debe considerarse sin m\u00e1s demora (91 % de acuerdo).&nbsp;<\/p>\n\n\n\n<p>No se logr\u00f3 consenso sobre el uso de criterios como el SNOT-22 o la puntuaci\u00f3n de Lund\u2013Mackay para indicar cirug\u00eda. Algunos pacientes pueden requerir intervenci\u00f3n incluso con escasa sintomatolog\u00eda (por ejemplo, barotrauma). Se recomend\u00f3 evaluar cuidadosamente la carga sintom\u00e1tica y la probabilidad de beneficio quir\u00fargico antes de indicar la CENS (96\u202f% de acuerdo).&nbsp;<\/p>\n\n\n\n<p>En pacientes con fenotipo al\u00e9rgico o enfermedad al\u00e9rgica del compartimento central (CCAD), se podr\u00edan realizar pruebas al\u00e9rgicas (<em>prick test<\/em> o RAST), y deben tratarse las alergias antes, durante o despu\u00e9s de la cirug\u00eda, con inmunoterapia si est\u00e1 indicada (91\u202f% de acuerdo).&nbsp;<\/p>\n\n\n\n<p>Adem\u00e1s, la identificaci\u00f3n del endotipo 2 debe hacerse antes de la cirug\u00eda utilizando datos cl\u00ednicos (asma, sensibilidad a la aspirina, sensibilizaci\u00f3n al\u00e9rgica a al\u00e9rgenos inhalados) y bioqu\u00edmicos (eosin\u00f3filos en sangre, IgE total) para orientar el tratamiento m\u00e9dico y quir\u00fargico (96 % de acuerdo).&nbsp;<\/p>\n\n\n\n<p>El panel tambi\u00e9n acord\u00f3 que todos los pacientes deben contar con una tomograf\u00eda computarizada de alta resoluci\u00f3n para evaluar la anatom\u00eda y extensi\u00f3n de la enfermedad (100\u202f% de acuerdo).&nbsp;<\/p>\n\n\n\n<div style=\"height:40px\" aria-hidden=\"true\" class=\"wp-block-spacer\"><\/div>\n\n\n\n<p class=\"has-text-color has-link-color has-medium-font-size wp-elements-3b8e027cc5698a5148ccd6aa728bff75\" style=\"color:#e21077\">Objetivos, indicaciones y manejo preoperatorio en la cirug\u00eda de revisi\u00f3n\u00a0<\/p>\n\n\n\n<p class=\"has-text-align-center has-text-color has-link-color wp-elements-fbbbe1ffba0edba1d09fc3fb1c6b8646\" style=\"color:#e20177\"><em><em><em><em><em>Cuando la cirug\u00eda sinusal primaria resulta ineficaz a pesar de una buena adherencia al tratamiento t\u00f3pico, deben considerarse opciones como la cirug\u00eda de revisi\u00f3n, la terapia biol\u00f3gica o una combinaci\u00f3n de ambas.\u00a0<\/em><\/em><\/em><\/em><\/em><\/p>\n\n\n\n<p>Antes de considerar estas alternativas, es esencial descartar afecciones subyacentes o comorbilidades, como alergias, inmunodeficiencias, discinesia ciliar primaria, fibrosis qu\u00edstica o enfermedades autoinmunitarias (100\u202f% de acuerdo), as\u00ed como confirmar la adherencia al tratamiento t\u00f3pico previo (100\u202f% de acuerdo).&nbsp;<\/p>\n\n\n\n<p>El panel destac\u00f3 varios aspectos clave para orientar el tratamiento tras el fracaso de la cirug\u00eda sinusal primaria. Si se plantea el uso de tratamientos biol\u00f3gicos, se debe asegurar que se haya realizado una cirug\u00eda sinusal completa, salvo que existan contraindicaciones (96\u202f% de acuerdo). Estudios recientes indican que una cirug\u00eda completa mejora el control de la enfermedad cuando se inicia tratamiento biol\u00f3gico y que la combinaci\u00f3n de cirug\u00eda y tratamiento biol\u00f3gico es m\u00e1s eficaz que el tratamiento biol\u00f3gico por s\u00ed solo.&nbsp;<\/p>\n\n\n\n<p>En los casos en que la cirug\u00eda primaria haya fracasado y la tomograf\u00eda computarizada revele tabiques residuales que limitan el acceso del tratamiento t\u00f3pico (lo que sugiere una cirug\u00eda incompleta), se recomienda priorizar la cirug\u00eda de revisi\u00f3n frente a la terapia biol\u00f3gica, siempre que el paciente cumpla con el tratamiento t\u00f3pico y se controlen otros trastornos, como el asma (95\u202f% de acuerdo).&nbsp;<\/p>\n\n\n\n<p>Adem\u00e1s, la cirug\u00eda de revisi\u00f3n est\u00e1 indicada en pacientes que no mejoran despu\u00e9s de 6 meses de tratamiento con anticuerpos monoclonales y que no son candidatos a otras terapias biol\u00f3gicas (95\u202f% de acuerdo).&nbsp;<\/p>\n\n\n\n<p>Todos los pacientes considerados candidatos a cirug\u00eda de revisi\u00f3n deben someterse a una tomograf\u00eda computarizada de alta resoluci\u00f3n sin contraste para confirmar la presencia y extensi\u00f3n de la inflamaci\u00f3n y facilitar la planificaci\u00f3n quir\u00fargica (97\u202f% de acuerdo).&nbsp;&nbsp;<\/p>\n\n\n\n<div style=\"height:40px\" aria-hidden=\"true\" class=\"wp-block-spacer\"><\/div>\n\n\n\n<p class=\"has-text-color has-link-color has-medium-font-size wp-elements-52b848ad045269c5c4f04344af2b344a\" style=\"color:#e21077\">Extensi\u00f3n de la cirug\u00eda y manejo intraoperatorio en cirug\u00eda primaria y de revisi\u00f3n\u00a0<\/p>\n\n\n\n<p>La decisi\u00f3n sobre la extensi\u00f3n quir\u00fargica debe individualizarse teniendo en cuenta la patolog\u00eda, los objetivos quir\u00fargicos (crear senos funcionales), la necesidad de permitir un acceso adecuado al tratamiento t\u00f3pico posoperatorio, la anatom\u00eda preoperatoria seg\u00fan la tomograf\u00eda computarizada y la experiencia del cirujano (96 % de acuerdo).&nbsp;<\/p>\n\n\n\n<p>Se recomienda realizar una cirug\u00eda sinusal completa (que incluya todos los senos), reservando procedimientos extendidos \u2015como la frontalotom\u00eda de tipo Draf III, la maxilectom\u00eda medial modificada o el <em>drill-out<\/em> esfenoidal\u2015 para pacientes seleccionados seg\u00fan la evoluci\u00f3n de la enfermedad y la respuesta al tratamiento (95\u202f% de acuerdo).&nbsp;<\/p>\n\n\n\n<p>El panel recalc\u00f3 la importancia de realizar una cirug\u00eda completa que cree una \u00abnueva cavidad sinusal\u00bb sin tabiques \u00f3seos en los senos etmoidales y que incluya la apertura de los senos frontales y esfenoidales si es necesario, para facilitar el acceso del tratamiento t\u00f3pico (91\u202f% de acuerdo). La polipectom\u00eda aislada no se considera una cirug\u00eda adecuada en este contexto (86\u202f% de acuerdo).&nbsp;<\/p>\n\n\n\n<p class=\"has-text-align-center has-text-color has-link-color wp-elements-7352a0f5ed203fd0cb8c10e415367dbd\" style=\"color:#e20177\"><em><em><em><em><em><em>Una cirug\u00eda adecuada, tanto primaria como de revisi\u00f3n, debe incluir la eliminaci\u00f3n completa de los p\u00f3lipos y la mucosa patol\u00f3gica, asegurando condiciones \u00f3ptimas para la aplicaci\u00f3n del tratamiento t\u00f3pico (100 % de acuerdo).\u00a0<\/em><\/em><\/em><\/em><\/em><\/em><\/p>\n\n\n\n<p>Se recomend\u00f3 conservar el cornete medio y el cornete superior siempre que sea t\u00e9cnicamente posible y mantener la mucosa olfativa. No obstante, pueden recortarse o modificarse si es necesario para crear una nueva cavidad sinusal (87\u202f% de acuerdo).&nbsp;&nbsp;<\/p>\n\n\n\n<p>En pacientes con afectaci\u00f3n esfenoidal refractaria al tratamiento m\u00e9dico, se aconseja una apertura amplia del seno esfenoidal (96\u202f% de acuerdo). Si, pese a ello, los s\u00edntomas persisten, puede considerarse la t\u00e9cnica del<em> drill-out<\/em> esfenoidal, sobre todo si hay un di\u00e1metro lateral estrecho o neo-osteog\u00e9nesis (96\u202f% de acuerdo).&nbsp;<\/p>\n\n\n\n<p>Los objetivos de la t\u00e9cnica de tipo Draf III son mejorar el acceso para el tratamiento t\u00f3pico, eliminar p\u00f3lipos nasales y prevenir la obstrucci\u00f3n mucosa (82\u202f% de acuerdo). La indicaci\u00f3n de este procedimiento en cirug\u00eda primaria depende de la anatom\u00eda del paciente, los factores de riesgo (como asma o enfermedad respiratoria agravada por el \u00e1cido acetilsalic\u00edlico) y la gravedad y progresi\u00f3n de la enfermedad (100\u202f% de acuerdo).&nbsp;&nbsp;<\/p>\n\n\n\n<p>En cuanto al manejo intraoperatorio, se recomend\u00f3 el uso de neuronavegaci\u00f3n con tomograf\u00eda computarizada como herramienta complementaria para lograr una disecci\u00f3n completa y segura, tanto en cirug\u00eda primaria como en revisi\u00f3n (86\u202f% de acuerdo).&nbsp;<\/p>\n\n\n\n<p class=\"has-text-align-center has-text-color has-link-color wp-elements-9c12514f7f6e4153245cece1fdffba58\" style=\"color:#e20177\"><em><em><em><em><em><em><em>Se destac\u00f3 la importancia de examinar el tejido polipoide, con especial atenci\u00f3n a la presencia de eosin\u00f3filos y cristales de Charcot-Leyden, dada la resistencia de estos pacientes al tratamiento m\u00e9dico y quir\u00fargico.\u00a0\u00a0<\/em><\/em><\/em><\/em><\/em><\/em><\/em><\/p>\n\n\n\n<p>Adem\u00e1s, si los p\u00f3lipos se localizan en la hendidura olfativa o en el tabique nasal, se recomend\u00f3 la evaluaci\u00f3n histol\u00f3gica para descartar hamartoma respiratorio adenoepitelial (86\u202f% de acuerdo).&nbsp;<\/p>\n\n\n\n<p>La cirug\u00eda endosc\u00f3pica debe acompa\u00f1arse de un tratamiento m\u00e9dico en el posoperatorio, que incluya lavados con suero salino y corticoesteroides t\u00f3picos (100\u202f% de acuerdo).&nbsp;<\/p>\n\n\n\n<div style=\"height:40px\" aria-hidden=\"true\" class=\"wp-block-spacer\"><\/div>\n\n\n\n<p class=\"has-text-color has-link-color wp-elements-0841d3f48827c97c6d5980469c8a2644\" style=\"color:#e21077;font-size:25px\">Conclusi\u00f3n\u00a0<\/p>\n\n\n\n<p>Estas recomendaciones orientan el manejo quir\u00fargico primario y de revisi\u00f3n en pacientes con rinosinusitis cr\u00f3nica de tipo 2 dominante. El panel de expertos destac\u00f3 que una cirug\u00eda adecuada implica eliminar todos los p\u00f3lipos nasales y la mucosa enferma y asegurar condiciones \u00f3ptimas para el tratamiento t\u00f3pico. Tambi\u00e9n se alcanz\u00f3 consenso en realizar una cirug\u00eda sinusal completa antes de considerar el uso de anticuerpos monoclonales, salvo contraindicaci\u00f3n.\u00a0\u00a0<\/p>\n\n\n\n<div style=\"height:40px\" aria-hidden=\"true\" class=\"wp-block-spacer\"><\/div>\n\n\n\n<p><strong>Enlace al art\u00edculo original<\/strong>: <a href=\"https:\/\/pmc.ncbi.nlm.nih.gov\/articles\/PMC11872782\/\" target=\"_blank\" rel=\"noreferrer noopener\">https:\/\/pmc.ncbi.nlm.nih.gov\/articles\/PMC11872782\/<\/a>\u00a0\u00a0<\/p>\n\n\n\n<div style=\"height:40px\" aria-hidden=\"true\" class=\"wp-block-spacer\"><\/div>\n\n\n\n<p class=\"has-text-align-center\">Este contenido estar\u00e1 disponible hasta el<strong>\u00a030 de\u00a0mayo de\u00a02030<\/strong>.<\/p>\n","protected":false},"excerpt":{"rendered":"<p>Blauwblomme M, Georgalas C, Ahmed S, Alobid I, Battaglia P, Castelnuovo P, et al. Expert Consensus on Surgical Management of Primary Diffuse Type 2-Dominant Chronic Rhinosinusitis. Int Forum Allergy Rhinol. mar 2025;15(3):303-16.\u00a0 Puntos clave: Introducci\u00f3n\u00a0 La comprensi\u00f3n de los mecanismos fisiopatol\u00f3gicos de la rinosinusitis cr\u00f3nica (RC) ha supuesto un cambio en la clasificaci\u00f3n tradicional de [&hellip;]<\/p>\n","protected":false},"author":120,"featured_media":28222,"parent":0,"menu_order":0,"template":"","meta":{"_acf_changed":true},"tags":[],"news_categories":[206],"class_list":["post-28121","news","type-news","status-publish","has-post-thumbnail","hentry","news_categories-otorrinolaringologia"],"acf":[],"yoast_head":"<!-- This site is optimized with the Yoast SEO Premium plugin v20.11 (Yoast SEO v26.6) - https:\/\/yoast.com\/wordpress\/plugins\/seo\/ -->\n<title>Consenso de expertos sobre el manejo quir\u00fargico de la rinosinusitis cr\u00f3nica primaria difusa de tipo 2 dominante\u00a0\u00a0 - Organon Pro - Espa\u00f1a<\/title>\n<meta name=\"description\" content=\"Actual\u00edzate en unos minutos sobre el consenso de expertos sobre el manejo quir\u00fargico de la rinosinusitis cr\u00f3nica primaria difusa de tipo 2 dominante\" \/>\n<meta name=\"robots\" content=\"noindex, follow\" \/>\n<meta property=\"og:locale\" content=\"en_US\" \/>\n<meta property=\"og:type\" content=\"article\" \/>\n<meta property=\"og:title\" content=\"Consenso de expertos sobre el manejo quir\u00fargico de la rinosinusitis cr\u00f3nica primaria difusa de tipo 2 dominante\u00a0\u00a0\" \/>\n<meta property=\"og:description\" content=\"Actual\u00edzate en unos minutos sobre el consenso de expertos sobre el manejo quir\u00fargico de la rinosinusitis cr\u00f3nica primaria difusa de tipo 2 dominante\" \/>\n<meta property=\"og:url\" content=\"https:\/\/organonpro.com\/es-es\/news\/manejo-quirurgico-rinosinusitis-cronica-primaria-difusa-de-tipo-2-dominante\/\" \/>\n<meta property=\"og:site_name\" content=\"Organon Pro - Espa\u00f1a\" \/>\n<meta property=\"article:publisher\" content=\"https:\/\/www.facebook.com\/OrganonandCo\" \/>\n<meta property=\"article:modified_time\" content=\"2026-01-27T09:11:54+00:00\" \/>\n<meta property=\"og:image\" content=\"https:\/\/organonpro.com\/es-es\/wp-content\/uploads\/sites\/11\/2025\/06\/resumen-rinosinusitis-cronica.jpg\" \/>\n\t<meta property=\"og:image:width\" content=\"1200\" \/>\n\t<meta property=\"og:image:height\" content=\"676\" \/>\n\t<meta property=\"og:image:type\" content=\"image\/jpeg\" \/>\n<meta name=\"twitter:card\" content=\"summary_large_image\" \/>\n<meta name=\"twitter:site\" content=\"@OrganonLLC\" \/>\n<meta name=\"twitter:label1\" content=\"Est. reading time\" \/>\n\t<meta name=\"twitter:data1\" content=\"8 minutes\" \/>\n<script type=\"application\/ld+json\" class=\"yoast-schema-graph\">{\"@context\":\"https:\/\/schema.org\",\"@graph\":[{\"@type\":\"WebPage\",\"@id\":\"https:\/\/organonpro.com\/es-es\/news\/manejo-quirurgico-rinosinusitis-cronica-primaria-difusa-de-tipo-2-dominante\/\",\"url\":\"https:\/\/organonpro.com\/es-es\/news\/manejo-quirurgico-rinosinusitis-cronica-primaria-difusa-de-tipo-2-dominante\/\",\"name\":\"Consenso de expertos sobre el manejo quir\u00fargico de la rinosinusitis cr\u00f3nica primaria difusa de tipo 2 dominante\u00a0\u00a0 - Organon Pro - Espa\u00f1a\",\"isPartOf\":{\"@id\":\"https:\/\/organonpro.com\/es-es\/#website\"},\"primaryImageOfPage\":{\"@id\":\"https:\/\/organonpro.com\/es-es\/news\/manejo-quirurgico-rinosinusitis-cronica-primaria-difusa-de-tipo-2-dominante\/#primaryimage\"},\"image\":{\"@id\":\"https:\/\/organonpro.com\/es-es\/news\/manejo-quirurgico-rinosinusitis-cronica-primaria-difusa-de-tipo-2-dominante\/#primaryimage\"},\"thumbnailUrl\":\"https:\/\/organonpro.com\/es-es\/wp-content\/uploads\/sites\/11\/2025\/06\/resumen-rinosinusitis-cronica.jpg\",\"datePublished\":\"2025-07-01T07:18:19+00:00\",\"dateModified\":\"2026-01-27T09:11:54+00:00\",\"description\":\"Actual\u00edzate en unos minutos sobre el consenso de expertos sobre el manejo quir\u00fargico de la rinosinusitis cr\u00f3nica primaria difusa de tipo 2 dominante\",\"breadcrumb\":{\"@id\":\"https:\/\/organonpro.com\/es-es\/news\/manejo-quirurgico-rinosinusitis-cronica-primaria-difusa-de-tipo-2-dominante\/#breadcrumb\"},\"inLanguage\":\"en-US\",\"potentialAction\":[{\"@type\":\"ReadAction\",\"target\":[\"https:\/\/organonpro.com\/es-es\/news\/manejo-quirurgico-rinosinusitis-cronica-primaria-difusa-de-tipo-2-dominante\/\"]}]},{\"@type\":\"ImageObject\",\"inLanguage\":\"en-US\",\"@id\":\"https:\/\/organonpro.com\/es-es\/news\/manejo-quirurgico-rinosinusitis-cronica-primaria-difusa-de-tipo-2-dominante\/#primaryimage\",\"url\":\"https:\/\/organonpro.com\/es-es\/wp-content\/uploads\/sites\/11\/2025\/06\/resumen-rinosinusitis-cronica.jpg\",\"contentUrl\":\"https:\/\/organonpro.com\/es-es\/wp-content\/uploads\/sites\/11\/2025\/06\/resumen-rinosinusitis-cronica.jpg\",\"width\":1200,\"height\":676,\"caption\":\"manejo quir\u00fargico de la rinosinusitis cr\u00f3nica primaria difusa de tipo 2 dominante\"},{\"@type\":\"BreadcrumbList\",\"@id\":\"https:\/\/organonpro.com\/es-es\/news\/manejo-quirurgico-rinosinusitis-cronica-primaria-difusa-de-tipo-2-dominante\/#breadcrumb\",\"itemListElement\":[{\"@type\":\"ListItem\",\"position\":1,\"name\":\"Home\",\"item\":\"https:\/\/organonpro.com\/es-es\/\"},{\"@type\":\"ListItem\",\"position\":2,\"name\":\"News\",\"item\":\"https:\/\/organonpro.com\/es-es\/news\/\"},{\"@type\":\"ListItem\",\"position\":3,\"name\":\"Consenso de expertos sobre el manejo quir\u00fargico de la rinosinusitis cr\u00f3nica primaria difusa de tipo 2 dominante\u00a0\u00a0\"}]},{\"@type\":\"WebSite\",\"@id\":\"https:\/\/organonpro.com\/es-es\/#website\",\"url\":\"https:\/\/organonpro.com\/es-es\/\",\"name\":\"Organon Pro - Espa\u00f1a\",\"description\":\"Organon Pro - Espa\u00f1a\",\"publisher\":{\"@id\":\"https:\/\/organonpro.com\/es-es\/#organization\"},\"potentialAction\":[{\"@type\":\"SearchAction\",\"target\":{\"@type\":\"EntryPoint\",\"urlTemplate\":\"https:\/\/organonpro.com\/es-es\/?s={search_term_string}\"},\"query-input\":{\"@type\":\"PropertyValueSpecification\",\"valueRequired\":true,\"valueName\":\"search_term_string\"}}],\"inLanguage\":\"en-US\"},{\"@type\":\"Organization\",\"@id\":\"https:\/\/organonpro.com\/es-es\/#organization\",\"name\":\"Organon Pro - Espa\u00f1a\",\"url\":\"https:\/\/organonpro.com\/es-es\/\",\"logo\":{\"@type\":\"ImageObject\",\"inLanguage\":\"en-US\",\"@id\":\"https:\/\/organonpro.com\/es-es\/#\/schema\/logo\/image\/\",\"url\":\"https:\/\/organonpro.com\/es-es\/wp-content\/uploads\/sites\/11\/2023\/08\/organon-pro-1.webp\",\"contentUrl\":\"https:\/\/organonpro.com\/es-es\/wp-content\/uploads\/sites\/11\/2023\/08\/organon-pro-1.webp\",\"width\":2269,\"height\":243,\"caption\":\"Organon Pro - Espa\u00f1a\"},\"image\":{\"@id\":\"https:\/\/organonpro.com\/es-es\/#\/schema\/logo\/image\/\"},\"sameAs\":[\"https:\/\/www.facebook.com\/OrganonandCo\",\"https:\/\/x.com\/OrganonLLC\"]}]}<\/script>\n<!-- \/ Yoast SEO Premium plugin. -->","yoast_head_json":{"title":"Consenso de expertos sobre el manejo quir\u00fargico de la rinosinusitis cr\u00f3nica primaria difusa de tipo 2 dominante\u00a0\u00a0 - Organon Pro - Espa\u00f1a","description":"Actual\u00edzate en unos minutos sobre el consenso de expertos sobre el manejo quir\u00fargico de la rinosinusitis cr\u00f3nica primaria difusa de tipo 2 dominante","robots":{"index":"noindex","follow":"follow"},"og_locale":"en_US","og_type":"article","og_title":"Consenso de expertos sobre el manejo quir\u00fargico de la rinosinusitis cr\u00f3nica primaria difusa de tipo 2 dominante\u00a0\u00a0","og_description":"Actual\u00edzate en unos minutos sobre el consenso de expertos sobre el manejo quir\u00fargico de la rinosinusitis cr\u00f3nica primaria difusa de tipo 2 dominante","og_url":"https:\/\/organonpro.com\/es-es\/news\/manejo-quirurgico-rinosinusitis-cronica-primaria-difusa-de-tipo-2-dominante\/","og_site_name":"Organon Pro - Espa\u00f1a","article_publisher":"https:\/\/www.facebook.com\/OrganonandCo","article_modified_time":"2026-01-27T09:11:54+00:00","og_image":[{"width":1200,"height":676,"url":"https:\/\/organonpro.com\/es-es\/wp-content\/uploads\/sites\/11\/2025\/06\/resumen-rinosinusitis-cronica.jpg","type":"image\/jpeg"}],"twitter_card":"summary_large_image","twitter_site":"@OrganonLLC","twitter_misc":{"Est. reading time":"8 minutes"},"schema":{"@context":"https:\/\/schema.org","@graph":[{"@type":"WebPage","@id":"https:\/\/organonpro.com\/es-es\/news\/manejo-quirurgico-rinosinusitis-cronica-primaria-difusa-de-tipo-2-dominante\/","url":"https:\/\/organonpro.com\/es-es\/news\/manejo-quirurgico-rinosinusitis-cronica-primaria-difusa-de-tipo-2-dominante\/","name":"Consenso de expertos sobre el manejo quir\u00fargico de la rinosinusitis cr\u00f3nica primaria difusa de tipo 2 dominante\u00a0\u00a0 - Organon Pro - Espa\u00f1a","isPartOf":{"@id":"https:\/\/organonpro.com\/es-es\/#website"},"primaryImageOfPage":{"@id":"https:\/\/organonpro.com\/es-es\/news\/manejo-quirurgico-rinosinusitis-cronica-primaria-difusa-de-tipo-2-dominante\/#primaryimage"},"image":{"@id":"https:\/\/organonpro.com\/es-es\/news\/manejo-quirurgico-rinosinusitis-cronica-primaria-difusa-de-tipo-2-dominante\/#primaryimage"},"thumbnailUrl":"https:\/\/organonpro.com\/es-es\/wp-content\/uploads\/sites\/11\/2025\/06\/resumen-rinosinusitis-cronica.jpg","datePublished":"2025-07-01T07:18:19+00:00","dateModified":"2026-01-27T09:11:54+00:00","description":"Actual\u00edzate en unos minutos sobre el consenso de expertos sobre el manejo quir\u00fargico de la rinosinusitis cr\u00f3nica primaria difusa de tipo 2 dominante","breadcrumb":{"@id":"https:\/\/organonpro.com\/es-es\/news\/manejo-quirurgico-rinosinusitis-cronica-primaria-difusa-de-tipo-2-dominante\/#breadcrumb"},"inLanguage":"en-US","potentialAction":[{"@type":"ReadAction","target":["https:\/\/organonpro.com\/es-es\/news\/manejo-quirurgico-rinosinusitis-cronica-primaria-difusa-de-tipo-2-dominante\/"]}]},{"@type":"ImageObject","inLanguage":"en-US","@id":"https:\/\/organonpro.com\/es-es\/news\/manejo-quirurgico-rinosinusitis-cronica-primaria-difusa-de-tipo-2-dominante\/#primaryimage","url":"https:\/\/organonpro.com\/es-es\/wp-content\/uploads\/sites\/11\/2025\/06\/resumen-rinosinusitis-cronica.jpg","contentUrl":"https:\/\/organonpro.com\/es-es\/wp-content\/uploads\/sites\/11\/2025\/06\/resumen-rinosinusitis-cronica.jpg","width":1200,"height":676,"caption":"manejo quir\u00fargico de la rinosinusitis cr\u00f3nica primaria difusa de tipo 2 dominante"},{"@type":"BreadcrumbList","@id":"https:\/\/organonpro.com\/es-es\/news\/manejo-quirurgico-rinosinusitis-cronica-primaria-difusa-de-tipo-2-dominante\/#breadcrumb","itemListElement":[{"@type":"ListItem","position":1,"name":"Home","item":"https:\/\/organonpro.com\/es-es\/"},{"@type":"ListItem","position":2,"name":"News","item":"https:\/\/organonpro.com\/es-es\/news\/"},{"@type":"ListItem","position":3,"name":"Consenso de expertos sobre el manejo quir\u00fargico de la rinosinusitis cr\u00f3nica primaria difusa de tipo 2 dominante\u00a0\u00a0"}]},{"@type":"WebSite","@id":"https:\/\/organonpro.com\/es-es\/#website","url":"https:\/\/organonpro.com\/es-es\/","name":"Organon Pro - Espa\u00f1a","description":"Organon Pro - Espa\u00f1a","publisher":{"@id":"https:\/\/organonpro.com\/es-es\/#organization"},"potentialAction":[{"@type":"SearchAction","target":{"@type":"EntryPoint","urlTemplate":"https:\/\/organonpro.com\/es-es\/?s={search_term_string}"},"query-input":{"@type":"PropertyValueSpecification","valueRequired":true,"valueName":"search_term_string"}}],"inLanguage":"en-US"},{"@type":"Organization","@id":"https:\/\/organonpro.com\/es-es\/#organization","name":"Organon Pro - Espa\u00f1a","url":"https:\/\/organonpro.com\/es-es\/","logo":{"@type":"ImageObject","inLanguage":"en-US","@id":"https:\/\/organonpro.com\/es-es\/#\/schema\/logo\/image\/","url":"https:\/\/organonpro.com\/es-es\/wp-content\/uploads\/sites\/11\/2023\/08\/organon-pro-1.webp","contentUrl":"https:\/\/organonpro.com\/es-es\/wp-content\/uploads\/sites\/11\/2023\/08\/organon-pro-1.webp","width":2269,"height":243,"caption":"Organon Pro - Espa\u00f1a"},"image":{"@id":"https:\/\/organonpro.com\/es-es\/#\/schema\/logo\/image\/"},"sameAs":["https:\/\/www.facebook.com\/OrganonandCo","https:\/\/x.com\/OrganonLLC"]}]}},"jetpack_sharing_enabled":true,"_links":{"self":[{"href":"https:\/\/organonpro.com\/es-es\/wp-json\/wp\/v2\/news\/28121","targetHints":{"allow":["GET"]}}],"collection":[{"href":"https:\/\/organonpro.com\/es-es\/wp-json\/wp\/v2\/news"}],"about":[{"href":"https:\/\/organonpro.com\/es-es\/wp-json\/wp\/v2\/types\/news"}],"author":[{"embeddable":true,"href":"https:\/\/organonpro.com\/es-es\/wp-json\/wp\/v2\/users\/120"}],"wp:featuredmedia":[{"embeddable":true,"href":"https:\/\/organonpro.com\/es-es\/wp-json\/wp\/v2\/media\/28222"}],"wp:attachment":[{"href":"https:\/\/organonpro.com\/es-es\/wp-json\/wp\/v2\/media?parent=28121"}],"wp:term":[{"taxonomy":"post_tag","embeddable":true,"href":"https:\/\/organonpro.com\/es-es\/wp-json\/wp\/v2\/tags?post=28121"},{"taxonomy":"news_categories","embeddable":true,"href":"https:\/\/organonpro.com\/es-es\/wp-json\/wp\/v2\/news_categories?post=28121"}],"curies":[{"name":"wp","href":"https:\/\/api.w.org\/{rel}","templated":true}]}}