{"id":28120,"date":"2025-07-01T07:14:50","date_gmt":"2025-07-01T07:14:50","guid":{"rendered":"https:\/\/organonpro.com\/es-es\/?post_type=news&#038;p=28120"},"modified":"2026-01-27T09:22:14","modified_gmt":"2026-01-27T09:22:14","slug":"dermatitis-atopica-decisiones-importantes-vida-de-los-pacientes","status":"publish","type":"news","link":"https:\/\/organonpro.com\/es-es\/news\/dermatitis-atopica-decisiones-importantes-vida-de-los-pacientes\/","title":{"rendered":"Efecto de la dermatitis at\u00f3pica en las decisiones importantes de la vida de los pacientes\u00a0"},"content":{"rendered":"\n<p>Fuentes-Barrag\u00e1n L, Garc\u00eda-Moronta C, Sanabria-de la Torre R, Le\u00f3n-P\u00e9rez FJ, Molina-Leyva A, Arias-Santiago S, et al. Impact on Major Life-changing Decisions in Patients with Atopic Dermatitis. Acta Derm Venereol. 2025. 1:105:adv42241.\u00a0<\/p>\n\n\n\n<div style=\"height:40px\" aria-hidden=\"true\" class=\"wp-block-spacer\"><\/div>\n\n\n\n<p><strong>Puntos clave<\/strong>:<\/p>\n\n\n\n<ul class=\"wp-block-list\">\n<li>La dermatitis at\u00f3pica (DA) afecta notablemente la calidad de vida, sobre todo cuando afecta zonas visibles del cuerpo.\u00a0<\/li>\n\n\n\n<li>El concepto de decisiones importantes de la vida (MLCD, por sus siglas en ingl\u00e9s) y la herramienta MLCDP permiten comprender el efecto de las enfermedades cr\u00f3nicas en las decisiones vitales, a trav\u00e9s de 32 preguntas distribuidas en 5 dominios.\u00a0<\/li>\n\n\n\n<li>El estudio encontr\u00f3 una correlaci\u00f3n entre las escalas de gravedad evaluadas por los m\u00e9dicos y las valoraciones realizadas por los pacientes.\u00a0<\/li>\n\n\n\n<li>El estudio demostr\u00f3 que la DA influye de forma significativa en las MLCD, especialmente en la forma de vestir, el estilo de vida, la pr\u00e1ctica de deporte, el \u00e1mbito laboral, las relaciones personales y el bienestar emocional.\u00a0<\/li>\n\n\n\n<li>A mayor gravedad de la DA, mayor es su efecto en las MLCD y en la calidad de vida, lo que se traduce en peor percepci\u00f3n de la salud y mayor insatisfacci\u00f3n vital y afectaci\u00f3n del estado mental, especialmente, en ansiedad y depresi\u00f3n.\u00a0<\/li>\n<\/ul>\n\n\n\n<div style=\"height:40px\" aria-hidden=\"true\" class=\"wp-block-spacer\"><\/div>\n\n\n\n<p>La dermatitis at\u00f3pica (DA) afecta notablemente la calidad de vida al interferir en las actividades cotidianas, especialmente cuando compromete zonas visibles del cuerpo, como los pliegues antecubitales y popl\u00edteos, la cara y las manos. Los s\u00edntomas y las necesidades de tratamiento influyen en la salud mental, la productividad y el bienestar general.&nbsp;&nbsp;<\/p>\n\n\n\n<p>La DA acompa\u00f1a al paciente durante toda la vida. Aproximadamente el 57 % de los adultos pierde al menos 1 d\u00eda de trabajo al a\u00f1o debido a la enfermedad, m\u00e1s del 10 % desarrolla s\u00edntomas depresivos y el 88 % tiene menor capacidad para afrontar las actividades diarias.&nbsp;<\/p>\n\n\n\n<p>Algunas decisiones pueden marcar el rumbo de la vida. El concepto de decisiones importantes de la vida (<em>major life-changing decisions<\/em>, MLCD) ayuda a comprender c\u00f3mo las enfermedades cr\u00f3nicas influyen en este tipo de elecciones.&nbsp;<\/p>\n\n\n\n<p class=\"has-text-align-center has-text-color has-link-color wp-elements-539b9c9edcdc165c80395ed89fafa5a3\" style=\"color:#e20177\"><em><em><em><em><em>Major Life-Changing Decision Profile (MLCDP) es una herramienta compuesta por 32 preguntas distribuidas en 5 dominios.\u00a0<\/em><\/em><\/em><\/em><\/em><\/p>\n\n\n\n<p>Este estudio evalu\u00f3 el efecto de la DA sobre las MLCD.\u00a0\u00a0<\/p>\n\n\n\n<div style=\"height:40px\" aria-hidden=\"true\" class=\"wp-block-spacer\"><\/div>\n\n\n\n<p class=\"has-text-color has-link-color wp-elements-50ebe1eaa5df85d6d578dd86e6a00b0d\" style=\"color:#e21077;font-size:25px\">Materiales y m\u00e9todos\u00a0<\/p>\n\n\n\n<p>El estudio transversal y descriptivo se realiz\u00f3 en pacientes con DA en la unidad de dermatolog\u00eda del Hospital Universitario Virgen de las Nieves.<\/p>\n\n\n\n<div style=\"height:40px\" aria-hidden=\"true\" class=\"wp-block-spacer\"><\/div>\n\n\n\n<p class=\"has-text-color has-link-color has-medium-font-size wp-elements-f443f79c43a5551720ac85c7605c4b36\" style=\"color:#e21077\">Criterios de inclusi\u00f3n\u00a0<\/p>\n\n\n\n<p>Se incluyeron pacientes voluntarios mayores de 18 a\u00f1os con diagn\u00f3stico de DA de al menos 6 meses de duraci\u00f3n.\u00a0<\/p>\n\n\n\n<div style=\"height:40px\" aria-hidden=\"true\" class=\"wp-block-spacer\"><\/div>\n\n\n\n<p class=\"has-text-color has-link-color has-medium-font-size wp-elements-d48fc1b5f6981ad34bccc82b256d27da\" style=\"color:#e21077\">Criterios de exclusi\u00f3n\u00a0<\/p>\n\n\n\n<p>Se excluy\u00f3 a los pacientes con otras enfermedades cut\u00e1neas inflamatorias cr\u00f3nicas, as\u00ed como a aquellos con cualquier enfermedad cr\u00f3nica que pudiera influir en las MLCD y a los pacientes con diagn\u00f3stico de c\u00e1ncer o antecedentes de c\u00e1ncer en los \u00faltimos 5 a\u00f1os.\u00a0<\/p>\n\n\n\n<div style=\"height:40px\" aria-hidden=\"true\" class=\"wp-block-spacer\"><\/div>\n\n\n\n<p class=\"has-text-color has-link-color has-medium-font-size wp-elements-47a025c9fb14652d59240cba676d665e\" style=\"color:#e21077\">Variables de inter\u00e9s\u00a0<\/p>\n\n\n\n<p>Las variables sociodemogr\u00e1ficas, biom\u00e9tricas y cl\u00ednicas se recogieron mediante anamnesis y exploraci\u00f3n f\u00edsica.&nbsp;<\/p>\n\n\n\n<p>Los pacientes evaluaron las variables relacionadas con el efecto de la DA en las MLCD mediante una escala Likert de 4 puntos:&nbsp;<\/p>\n\n\n\n<ul class=\"wp-block-list\">\n<li>Decisiones relacionadas con la vida laboral.\u00a0<\/li>\n\n\n\n<li>Decisiones educativas.\u00a0<\/li>\n\n\n\n<li>Decisiones personales y relacionales.\u00a0<\/li>\n\n\n\n<li>Decisiones relacionadas con la paternidad.\u00a0<\/li>\n\n\n\n<li>Otras decisiones.\u00a0<\/li>\n<\/ul>\n\n\n\n<p>Las variables relacionadas con la gravedad de la enfermedad evaluada por el m\u00e9dico fueron las siguientes:&nbsp;<\/p>\n\n\n\n<ul class=\"wp-block-list\">\n<li>\u00cdndice de intensidad y extensi\u00f3n del eccema (EASI). Para valorar el impacto de la gravedad de la DA en las MLCD, se clasific\u00f3 a los pacientes en 2 grupos: aquellos con enfermedad leve a moderada (EASI &lt;21) y aquellos con enfermedad grave (EASI \u226521).\u00a0\u00a0<\/li>\n\n\n\n<li>SCORAD (SCORing Atopic Dermatitis).\u00a0<\/li>\n\n\n\n<li>\u00c1rea de superficie corporal (BSA).\u00a0<\/li>\n\n\n\n<li>Escala de evaluaci\u00f3n global del investigador (IGA).\u00a0<\/li>\n<\/ul>\n\n\n\n<p>Las variables relacionadas con la gravedad de la enfermedad evaluada por el paciente fueron las siguientes:&nbsp;<\/p>\n\n\n\n<ul class=\"wp-block-list\">\n<li>POEM (Patient Oriented Eczema Measure).\u00a0<\/li>\n\n\n\n<li>ADCT (Atopic Dermatitis Control Tool).\u00a0<\/li>\n\n\n\n<li>\u00cdndice de Bienestar de la OMS (WHO-5).\u00a0<\/li>\n\n\n\n<li>\u00cdndice de Calidad de Vida en Dermatolog\u00eda (DLQI).\u00a0<\/li>\n\n\n\n<li>Escala de Valoraci\u00f3n Num\u00e9rica (NRS) de prurito y sue\u00f1o.\u00a0<\/li>\n<\/ul>\n\n\n\n<div style=\"height:40px\" aria-hidden=\"true\" class=\"wp-block-spacer\"><\/div>\n\n\n\n<p class=\"has-text-color has-link-color wp-elements-b29e98f16d127d0a65c955d5bab820be\" style=\"color:#e21077;font-size:25px\">Resultados\u00a0<\/p>\n\n\n\n<p class=\"has-text-color has-link-color has-medium-font-size wp-elements-d6195b71884197cb7251a6b17bffffa3\" style=\"color:#e21077\">Caracter\u00edsticas sociodemogr\u00e1ficas y cl\u00ednicas\u00a0<\/p>\n\n\n\n<p>En el estudio se incluyeron 104 pacientes, con una edad media de 38,65 a\u00f1os y una proporci\u00f3n entre mujeres y hombres de 1,26. La duraci\u00f3n media de la DA era de 20,36 a\u00f1os. El 51,9 % de los pacientes padec\u00eda rinoconjuntivitis, el 46,2 % asma y el 19,2 % alergias alimentarias.\u00a0<\/p>\n\n\n\n<p>El n\u00famero medio de \u00e1reas afectadas fue de 3,25. Las localizaciones m\u00e1s frecuentes fueron el tronco y las extremidades (85,6 %), seguidas de la cara (64,4 %).&nbsp;<\/p>\n\n\n\n<p>En cuanto a la gravedad, los pacientes presentaban una DA de moderada a grave, con valores medios de EASI de 14,29, BSA de 23,03 y SCORAD de 36,98. Seg\u00fan la autoevaluaci\u00f3n del paciente, se observaron valores medios de POEM de 14,97, DLQI de 8,86, ADCT de 11,63 y WHO-5 de 14,22.&nbsp;<\/p>\n\n\n\n<div style=\"height:40px\" aria-hidden=\"true\" class=\"wp-block-spacer\"><\/div>\n\n\n\n<p class=\"has-text-color has-link-color has-medium-font-size wp-elements-fbc305b3aebf4f2bb61573c86e1da514\" style=\"color:#e21077\">Correlaci\u00f3n de la gravedad entre el m\u00e9dico y el paciente\u00a0<\/p>\n\n\n\n<p>Se analiz\u00f3 la asociaci\u00f3n entre las diferentes escalas de gravedad evaluadas por los m\u00e9dicos y por los pacientes. Se encontr\u00f3 una correlaci\u00f3n entre el \u00edndice EASI y el SCORAD total (<em>r<\/em> = 0,737), el BSA (<em>r<\/em> = 0,878), el NRS de prurito (<em>r<\/em> = 0,467), el NRS de sue\u00f1o (<em>r<\/em> = 0,403), el POEM total (<em>r<\/em> = 0,430), el DLQI total (<em>r<\/em> = 0,441) y el ADCT total (<em>r<\/em> = 0,399), con un valor de <em>p<\/em> &lt;0,001.&nbsp;<\/p>\n\n\n\n<p>Asimismo, se observ\u00f3 una correlaci\u00f3n entre el \u00edndice WHO-5 y la gravedad percibida por los pacientes.&nbsp;<\/p>\n\n\n\n<div style=\"height:40px\" aria-hidden=\"true\" class=\"wp-block-spacer\"><\/div>\n\n\n\n<p class=\"has-text-color has-link-color has-medium-font-size wp-elements-49a4080936ba115692c70e101392981f\" style=\"color:#e21077\">Efecto de la dermatitis at\u00f3pica en las decisiones importantes de la vida\u00a0<\/p>\n\n\n\n<p class=\"has-text-align-center has-text-color has-link-color wp-elements-74e1411b0511b6fea81d783fd1aee844\" style=\"color:#e20177\"><em><em><em><em><em>Aproximadamente, el 52,9 % de los pacientes con DA reportaron un efecto moderado o intenso de la enfermedad en la forma de vestir.\u00a0\u00a0<\/em><\/em><\/em><\/em><\/em><\/p>\n\n\n\n<p>Tambi\u00e9n destacaron otros \u00e1mbitos, como los siguientes:&nbsp;<\/p>\n\n\n\n<ul class=\"wp-block-list\">\n<li>estilo de vida (48,1\u202f%);\u00a0<\/li>\n\n\n\n<li>pr\u00e1ctica de deporte (41,4\u202f%);\u00a0<\/li>\n\n\n\n<li>rendimiento laboral (40,4\u202f%);\u00a0<\/li>\n\n\n\n<li>vacaciones y festividades (37,5\u202f%);\u00a0<\/li>\n\n\n\n<li>relaciones sociales (33,6\u202f%) y familiares (31,8\u202f%);\u00a0<\/li>\n\n\n\n<li>vida sentimental (28,9\u202f%);\u00a0<\/li>\n\n\n\n<li>rendimiento acad\u00e9mico (27,9\u202f%);\u00a0<\/li>\n\n\n\n<li>viajes y ocio en el extranjero (25,9\u202f%);\u00a0<\/li>\n\n\n\n<li>absentismo laboral (24\u202f%); y\u00a0\u00a0<\/li>\n\n\n\n<li>consumo de ansiol\u00edticos y antidepresivos (20,2\u202f%).\u00a0<\/li>\n<\/ul>\n\n\n\n<div style=\"height:40px\" aria-hidden=\"true\" class=\"wp-block-spacer\"><\/div>\n\n\n\n<p class=\"has-text-color has-link-color has-medium-font-size wp-elements-0d3498b1992e3770c856ef57ebd1b111\" style=\"color:#e21077\">Efecto de la gravedad de la dermatitis at\u00f3pica en las decisiones importantes de la vida\u00a0<\/p>\n\n\n\n<p>En el estudio, 69 pacientes presentaban una enfermedad leve o moderada (EASI &lt;21) y 35 una enfermedad grave (EASI \u226521). En los pacientes con DA grave, la enfermedad hab\u00eda comenzado antes (12,6 a\u00f1os vs. 21,74 a\u00f1os; <em>p<\/em>\u202f=\u202f0,044)&nbsp;&nbsp;<\/p>\n\n\n\n<p>Las MLCD se vieron afectadas por la gravedad de la DA. Los pacientes con DA grave reportaron con mayor frecuencia una alteraci\u00f3n moderada o intensa de la socializaci\u00f3n con amigos (48,6\u202f% frente a 26,1 %; <em>p<\/em> = 0,002), la vida sentimental (48,5 % frente a 18,8 %; <em>p<\/em> = 0,015), la presencia de problemas sexuales (34,2 % frente a 13 %; <em>p<\/em> = 0,012), la forma de vestirse (74,3 % frente a 42 %; <em>p<\/em> = 0,004) y el consumo de alcohol (36,3 % frente a 8,7 %; <em>p<\/em> = 0,033).&nbsp;&nbsp;<\/p>\n\n\n\n<p class=\"has-text-align-center has-text-color has-link-color wp-elements-aa3b6107a2d03681c8d2dc52b0044e1f\" style=\"color:#e20177\"><em><em><em><em><em><em>El dolor, picor, falta de sue\u00f1o, limitaciones f\u00edsicas, verg\u00fcenza, falta de confianza, depresi\u00f3n y tristeza eran m\u00e1s intensos en los pacientes con DA grave.\u00a0<\/em><\/em><\/em><\/em><\/em><\/em><\/p>\n\n\n\n<div style=\"height:40px\" aria-hidden=\"true\" class=\"wp-block-spacer\"><\/div>\n\n\n\n<p class=\"has-text-color has-link-color wp-elements-95691d3a643023db1feecbe32cfa3f39\" style=\"color:#e21077;font-size:25px\">Discusi\u00f3n\u00a0\u00a0<\/p>\n\n\n\n<p>La gravedad de la DA se asoci\u00f3 con un inicio m\u00e1s temprano, mayor n\u00famero de \u00e1reas afectadas y mayor prevalencia de comorbilidades, como el asma. El inicio precoz de la DA puede contribuir a deteriorar de las relaciones familiares, empeorar la percepci\u00f3n de la imagen corporal, baja autoestima, comorbilidades psiqui\u00e1tricas e incluso comportamientos o ideas suicidas.&nbsp;<\/p>\n\n\n\n<p>Del mismo modo que la calidad de vida de los pacientes disminuye a medida que aumenta la gravedad de la enfermedad, la influencia sobre las MLCD, como la forma de vestir, las relaciones personales y sexuales, tambi\u00e9n se intensifica. Esto genera una percepci\u00f3n de peor salud general en comparaci\u00f3n con la poblaci\u00f3n sana, con mayor insatisfacci\u00f3n vital y puntuaciones m\u00e1s bajas en los cuestionarios de salud mental, especialmente en ansiedad y depresi\u00f3n. Todo ello, sumado a la falta de sue\u00f1o, repercute negativamente en el rendimiento laboral, la vida social y las actividades diarias.&nbsp;&nbsp;<\/p>\n\n\n\n<p class=\"has-text-align-center has-text-color has-link-color wp-elements-91e85b246b593a38cbf60eefd04a53f1\" style=\"color:#e20177\"><em><em><em><em><em><em><em>Debido al car\u00e1cter cr\u00f3nico de la DA, las consecuencias negativas se pueden extender tambi\u00e9n a la familia y a las relaciones de pareja.\u00a0<\/em><\/em><\/em><\/em><\/em><\/em><\/em><\/p>\n\n\n\n<p>El estudio present\u00f3 algunas limitaciones: la falta de seguimiento a largo plazo, la realizaci\u00f3n en un \u00fanico centro hospitalario que atiende casos m\u00e1s graves y pacientes bajo tratamiento controlado y sus resultados pueden no ser generalizables a la atenci\u00f3n primaria o a la poblaci\u00f3n general. Adem\u00e1s, al ser pacientes voluntarios, es probable que fueran personas especialmente conscientes de su enfermedad.&nbsp;<\/p>\n\n\n\n<p>En conclusi\u00f3n, las MLCD se ven significativamente afectadas en pacientes con DA y los pacientes con formas m\u00e1s graves de la enfermedad resultan m\u00e1s afectados en una amplia variedad de aspectos. Las estrategias de tratamiento integral deben incorporar apoyo f\u00edsico y psicol\u00f3gico desde etapas tempranas para reducir las consecuencias a largo plazo, mejorar la calidad de vida y la toma de decisiones de los pacientes con DA.&nbsp;<\/p>\n\n\n\n<div style=\"height:40px\" aria-hidden=\"true\" class=\"wp-block-spacer\"><\/div>\n\n\n\n<p><strong>Enlace al art\u00edculo original<\/strong>: <a href=\"https:\/\/medicaljournalssweden.se\/actadv\/article\/view\/42241\" target=\"_blank\" rel=\"noreferrer noopener\">https:\/\/medicaljournalssweden.se\/actadv\/article\/view\/42241<\/a>\u00a0<\/p>\n\n\n\n<div style=\"height:40px\" aria-hidden=\"true\" class=\"wp-block-spacer\"><\/div>\n\n\n\n<p class=\"has-text-align-center\">Este contenido estar\u00e1 disponible hasta el<strong>\u00a014 de\u00a0mayo de\u00a02030<\/strong>.<\/p>\n","protected":false},"excerpt":{"rendered":"<p>Fuentes-Barrag\u00e1n L, Garc\u00eda-Moronta C, Sanabria-de la Torre R, Le\u00f3n-P\u00e9rez FJ, Molina-Leyva A, Arias-Santiago S, et al. Impact on Major Life-changing Decisions in Patients with Atopic Dermatitis. Acta Derm Venereol. 2025. 1:105:adv42241.\u00a0 Puntos clave: La dermatitis at\u00f3pica (DA) afecta notablemente la calidad de vida al interferir en las actividades cotidianas, especialmente cuando compromete zonas visibles del [&hellip;]<\/p>\n","protected":false},"author":120,"featured_media":28223,"parent":0,"menu_order":0,"template":"","meta":{"_acf_changed":true},"tags":[],"news_categories":[215,213,205],"class_list":["post-28120","news","type-news","status-publish","has-post-thumbnail","hentry","news_categories-atencion-primaria","news_categories-dermatologia","news_categories-pediatria"],"acf":[],"yoast_head":"<!-- This site is optimized with the Yoast SEO Premium plugin v20.11 (Yoast SEO v26.6) - https:\/\/yoast.com\/wordpress\/plugins\/seo\/ -->\n<title>Efecto de la dermatitis at\u00f3pica en las decisiones importantes de la vida de los pacientes\u00a0 - Organon Pro - Espa\u00f1a<\/title>\n<meta name=\"description\" content=\"Actual\u00edzate en unos minutos sobre los efecto de la dermatitis at\u00f3pica en las decisiones importantes de la vida de los pacientes\" \/>\n<meta name=\"robots\" content=\"noindex, follow\" \/>\n<meta property=\"og:locale\" content=\"en_US\" \/>\n<meta property=\"og:type\" content=\"article\" \/>\n<meta property=\"og:title\" content=\"Efecto de la dermatitis at\u00f3pica en las decisiones importantes de la vida de los pacientes\u00a0\" \/>\n<meta property=\"og:description\" content=\"Actual\u00edzate en unos minutos sobre los efecto de la dermatitis at\u00f3pica en las decisiones importantes de la vida de los pacientes\" \/>\n<meta property=\"og:url\" content=\"https:\/\/organonpro.com\/es-es\/news\/dermatitis-atopica-decisiones-importantes-vida-de-los-pacientes\/\" \/>\n<meta property=\"og:site_name\" content=\"Organon Pro - Espa\u00f1a\" \/>\n<meta property=\"article:publisher\" content=\"https:\/\/www.facebook.com\/OrganonandCo\" \/>\n<meta property=\"article:modified_time\" content=\"2026-01-27T09:22:14+00:00\" \/>\n<meta property=\"og:image\" content=\"https:\/\/organonpro.com\/es-es\/wp-content\/uploads\/sites\/11\/2025\/06\/resumen-dermatitis-vida.jpg\" \/>\n\t<meta property=\"og:image:width\" content=\"1200\" \/>\n\t<meta property=\"og:image:height\" content=\"676\" \/>\n\t<meta property=\"og:image:type\" content=\"image\/jpeg\" \/>\n<meta name=\"twitter:card\" content=\"summary_large_image\" \/>\n<meta name=\"twitter:site\" content=\"@OrganonLLC\" \/>\n<meta name=\"twitter:label1\" content=\"Est. reading time\" \/>\n\t<meta name=\"twitter:data1\" content=\"7 minutes\" \/>\n<script type=\"application\/ld+json\" class=\"yoast-schema-graph\">{\"@context\":\"https:\/\/schema.org\",\"@graph\":[{\"@type\":\"WebPage\",\"@id\":\"https:\/\/organonpro.com\/es-es\/news\/dermatitis-atopica-decisiones-importantes-vida-de-los-pacientes\/\",\"url\":\"https:\/\/organonpro.com\/es-es\/news\/dermatitis-atopica-decisiones-importantes-vida-de-los-pacientes\/\",\"name\":\"Efecto de la dermatitis at\u00f3pica en las decisiones importantes de la vida de los pacientes\u00a0 - Organon Pro - Espa\u00f1a\",\"isPartOf\":{\"@id\":\"https:\/\/organonpro.com\/es-es\/#website\"},\"primaryImageOfPage\":{\"@id\":\"https:\/\/organonpro.com\/es-es\/news\/dermatitis-atopica-decisiones-importantes-vida-de-los-pacientes\/#primaryimage\"},\"image\":{\"@id\":\"https:\/\/organonpro.com\/es-es\/news\/dermatitis-atopica-decisiones-importantes-vida-de-los-pacientes\/#primaryimage\"},\"thumbnailUrl\":\"https:\/\/organonpro.com\/es-es\/wp-content\/uploads\/sites\/11\/2025\/06\/resumen-dermatitis-vida.jpg\",\"datePublished\":\"2025-07-01T07:14:50+00:00\",\"dateModified\":\"2026-01-27T09:22:14+00:00\",\"description\":\"Actual\u00edzate en unos minutos sobre los efecto de la dermatitis at\u00f3pica en las decisiones importantes de la vida de los pacientes\",\"breadcrumb\":{\"@id\":\"https:\/\/organonpro.com\/es-es\/news\/dermatitis-atopica-decisiones-importantes-vida-de-los-pacientes\/#breadcrumb\"},\"inLanguage\":\"en-US\",\"potentialAction\":[{\"@type\":\"ReadAction\",\"target\":[\"https:\/\/organonpro.com\/es-es\/news\/dermatitis-atopica-decisiones-importantes-vida-de-los-pacientes\/\"]}]},{\"@type\":\"ImageObject\",\"inLanguage\":\"en-US\",\"@id\":\"https:\/\/organonpro.com\/es-es\/news\/dermatitis-atopica-decisiones-importantes-vida-de-los-pacientes\/#primaryimage\",\"url\":\"https:\/\/organonpro.com\/es-es\/wp-content\/uploads\/sites\/11\/2025\/06\/resumen-dermatitis-vida.jpg\",\"contentUrl\":\"https:\/\/organonpro.com\/es-es\/wp-content\/uploads\/sites\/11\/2025\/06\/resumen-dermatitis-vida.jpg\",\"width\":1200,\"height\":676,\"caption\":\"Efecto de la dermatitis at\u00f3pica en las decisiones importantes de la vida de los pacientes\u00a0\"},{\"@type\":\"BreadcrumbList\",\"@id\":\"https:\/\/organonpro.com\/es-es\/news\/dermatitis-atopica-decisiones-importantes-vida-de-los-pacientes\/#breadcrumb\",\"itemListElement\":[{\"@type\":\"ListItem\",\"position\":1,\"name\":\"Home\",\"item\":\"https:\/\/organonpro.com\/es-es\/\"},{\"@type\":\"ListItem\",\"position\":2,\"name\":\"News\",\"item\":\"https:\/\/organonpro.com\/es-es\/news\/\"},{\"@type\":\"ListItem\",\"position\":3,\"name\":\"Efecto de la dermatitis at\u00f3pica en las decisiones importantes de la vida de los pacientes\u00a0\"}]},{\"@type\":\"WebSite\",\"@id\":\"https:\/\/organonpro.com\/es-es\/#website\",\"url\":\"https:\/\/organonpro.com\/es-es\/\",\"name\":\"Organon Pro - Espa\u00f1a\",\"description\":\"Organon Pro - Espa\u00f1a\",\"publisher\":{\"@id\":\"https:\/\/organonpro.com\/es-es\/#organization\"},\"potentialAction\":[{\"@type\":\"SearchAction\",\"target\":{\"@type\":\"EntryPoint\",\"urlTemplate\":\"https:\/\/organonpro.com\/es-es\/?s={search_term_string}\"},\"query-input\":{\"@type\":\"PropertyValueSpecification\",\"valueRequired\":true,\"valueName\":\"search_term_string\"}}],\"inLanguage\":\"en-US\"},{\"@type\":\"Organization\",\"@id\":\"https:\/\/organonpro.com\/es-es\/#organization\",\"name\":\"Organon Pro - Espa\u00f1a\",\"url\":\"https:\/\/organonpro.com\/es-es\/\",\"logo\":{\"@type\":\"ImageObject\",\"inLanguage\":\"en-US\",\"@id\":\"https:\/\/organonpro.com\/es-es\/#\/schema\/logo\/image\/\",\"url\":\"https:\/\/organonpro.com\/es-es\/wp-content\/uploads\/sites\/11\/2023\/08\/organon-pro-1.webp\",\"contentUrl\":\"https:\/\/organonpro.com\/es-es\/wp-content\/uploads\/sites\/11\/2023\/08\/organon-pro-1.webp\",\"width\":2269,\"height\":243,\"caption\":\"Organon Pro - Espa\u00f1a\"},\"image\":{\"@id\":\"https:\/\/organonpro.com\/es-es\/#\/schema\/logo\/image\/\"},\"sameAs\":[\"https:\/\/www.facebook.com\/OrganonandCo\",\"https:\/\/x.com\/OrganonLLC\"]}]}<\/script>\n<!-- \/ Yoast SEO Premium plugin. -->","yoast_head_json":{"title":"Efecto de la dermatitis at\u00f3pica en las decisiones importantes de la vida de los pacientes\u00a0 - Organon Pro - Espa\u00f1a","description":"Actual\u00edzate en unos minutos sobre los efecto de la dermatitis at\u00f3pica en las decisiones importantes de la vida de los pacientes","robots":{"index":"noindex","follow":"follow"},"og_locale":"en_US","og_type":"article","og_title":"Efecto de la dermatitis at\u00f3pica en las decisiones importantes de la vida de los pacientes\u00a0","og_description":"Actual\u00edzate en unos minutos sobre los efecto de la dermatitis at\u00f3pica en las decisiones importantes de la vida de los pacientes","og_url":"https:\/\/organonpro.com\/es-es\/news\/dermatitis-atopica-decisiones-importantes-vida-de-los-pacientes\/","og_site_name":"Organon Pro - Espa\u00f1a","article_publisher":"https:\/\/www.facebook.com\/OrganonandCo","article_modified_time":"2026-01-27T09:22:14+00:00","og_image":[{"width":1200,"height":676,"url":"https:\/\/organonpro.com\/es-es\/wp-content\/uploads\/sites\/11\/2025\/06\/resumen-dermatitis-vida.jpg","type":"image\/jpeg"}],"twitter_card":"summary_large_image","twitter_site":"@OrganonLLC","twitter_misc":{"Est. reading time":"7 minutes"},"schema":{"@context":"https:\/\/schema.org","@graph":[{"@type":"WebPage","@id":"https:\/\/organonpro.com\/es-es\/news\/dermatitis-atopica-decisiones-importantes-vida-de-los-pacientes\/","url":"https:\/\/organonpro.com\/es-es\/news\/dermatitis-atopica-decisiones-importantes-vida-de-los-pacientes\/","name":"Efecto de la dermatitis at\u00f3pica en las decisiones importantes de la vida de los pacientes\u00a0 - Organon Pro - Espa\u00f1a","isPartOf":{"@id":"https:\/\/organonpro.com\/es-es\/#website"},"primaryImageOfPage":{"@id":"https:\/\/organonpro.com\/es-es\/news\/dermatitis-atopica-decisiones-importantes-vida-de-los-pacientes\/#primaryimage"},"image":{"@id":"https:\/\/organonpro.com\/es-es\/news\/dermatitis-atopica-decisiones-importantes-vida-de-los-pacientes\/#primaryimage"},"thumbnailUrl":"https:\/\/organonpro.com\/es-es\/wp-content\/uploads\/sites\/11\/2025\/06\/resumen-dermatitis-vida.jpg","datePublished":"2025-07-01T07:14:50+00:00","dateModified":"2026-01-27T09:22:14+00:00","description":"Actual\u00edzate en unos minutos sobre los efecto de la dermatitis at\u00f3pica en las decisiones importantes de la vida de los pacientes","breadcrumb":{"@id":"https:\/\/organonpro.com\/es-es\/news\/dermatitis-atopica-decisiones-importantes-vida-de-los-pacientes\/#breadcrumb"},"inLanguage":"en-US","potentialAction":[{"@type":"ReadAction","target":["https:\/\/organonpro.com\/es-es\/news\/dermatitis-atopica-decisiones-importantes-vida-de-los-pacientes\/"]}]},{"@type":"ImageObject","inLanguage":"en-US","@id":"https:\/\/organonpro.com\/es-es\/news\/dermatitis-atopica-decisiones-importantes-vida-de-los-pacientes\/#primaryimage","url":"https:\/\/organonpro.com\/es-es\/wp-content\/uploads\/sites\/11\/2025\/06\/resumen-dermatitis-vida.jpg","contentUrl":"https:\/\/organonpro.com\/es-es\/wp-content\/uploads\/sites\/11\/2025\/06\/resumen-dermatitis-vida.jpg","width":1200,"height":676,"caption":"Efecto de la dermatitis at\u00f3pica en las decisiones importantes de la vida de los pacientes\u00a0"},{"@type":"BreadcrumbList","@id":"https:\/\/organonpro.com\/es-es\/news\/dermatitis-atopica-decisiones-importantes-vida-de-los-pacientes\/#breadcrumb","itemListElement":[{"@type":"ListItem","position":1,"name":"Home","item":"https:\/\/organonpro.com\/es-es\/"},{"@type":"ListItem","position":2,"name":"News","item":"https:\/\/organonpro.com\/es-es\/news\/"},{"@type":"ListItem","position":3,"name":"Efecto de la dermatitis at\u00f3pica en las decisiones importantes de la vida de los pacientes\u00a0"}]},{"@type":"WebSite","@id":"https:\/\/organonpro.com\/es-es\/#website","url":"https:\/\/organonpro.com\/es-es\/","name":"Organon Pro - Espa\u00f1a","description":"Organon Pro - Espa\u00f1a","publisher":{"@id":"https:\/\/organonpro.com\/es-es\/#organization"},"potentialAction":[{"@type":"SearchAction","target":{"@type":"EntryPoint","urlTemplate":"https:\/\/organonpro.com\/es-es\/?s={search_term_string}"},"query-input":{"@type":"PropertyValueSpecification","valueRequired":true,"valueName":"search_term_string"}}],"inLanguage":"en-US"},{"@type":"Organization","@id":"https:\/\/organonpro.com\/es-es\/#organization","name":"Organon Pro - Espa\u00f1a","url":"https:\/\/organonpro.com\/es-es\/","logo":{"@type":"ImageObject","inLanguage":"en-US","@id":"https:\/\/organonpro.com\/es-es\/#\/schema\/logo\/image\/","url":"https:\/\/organonpro.com\/es-es\/wp-content\/uploads\/sites\/11\/2023\/08\/organon-pro-1.webp","contentUrl":"https:\/\/organonpro.com\/es-es\/wp-content\/uploads\/sites\/11\/2023\/08\/organon-pro-1.webp","width":2269,"height":243,"caption":"Organon Pro - Espa\u00f1a"},"image":{"@id":"https:\/\/organonpro.com\/es-es\/#\/schema\/logo\/image\/"},"sameAs":["https:\/\/www.facebook.com\/OrganonandCo","https:\/\/x.com\/OrganonLLC"]}]}},"jetpack_sharing_enabled":true,"_links":{"self":[{"href":"https:\/\/organonpro.com\/es-es\/wp-json\/wp\/v2\/news\/28120","targetHints":{"allow":["GET"]}}],"collection":[{"href":"https:\/\/organonpro.com\/es-es\/wp-json\/wp\/v2\/news"}],"about":[{"href":"https:\/\/organonpro.com\/es-es\/wp-json\/wp\/v2\/types\/news"}],"author":[{"embeddable":true,"href":"https:\/\/organonpro.com\/es-es\/wp-json\/wp\/v2\/users\/120"}],"wp:featuredmedia":[{"embeddable":true,"href":"https:\/\/organonpro.com\/es-es\/wp-json\/wp\/v2\/media\/28223"}],"wp:attachment":[{"href":"https:\/\/organonpro.com\/es-es\/wp-json\/wp\/v2\/media?parent=28120"}],"wp:term":[{"taxonomy":"post_tag","embeddable":true,"href":"https:\/\/organonpro.com\/es-es\/wp-json\/wp\/v2\/tags?post=28120"},{"taxonomy":"news_categories","embeddable":true,"href":"https:\/\/organonpro.com\/es-es\/wp-json\/wp\/v2\/news_categories?post=28120"}],"curies":[{"name":"wp","href":"https:\/\/api.w.org\/{rel}","templated":true}]}}