{"id":26169,"date":"2025-03-31T08:20:18","date_gmt":"2025-03-31T08:20:18","guid":{"rendered":"https:\/\/organonpro.com\/es-es\/?post_type=news&#038;p=26169"},"modified":"2026-01-27T10:52:39","modified_gmt":"2026-01-27T10:52:39","slug":"habitos-modificables-trastornos-neurologicos-y-psiquiatricos-reserva-cerebral","status":"publish","type":"news","link":"https:\/\/organonpro.com\/es-es\/news\/habitos-modificables-trastornos-neurologicos-y-psiquiatricos-reserva-cerebral\/","title":{"rendered":"H\u00e1bitos modificables que influyen en los trastornos neurol\u00f3gicos y psiqui\u00e1tricos a trav\u00e9s de la reserva cerebral estructural: estudio observacional de aleatorizaci\u00f3n mendeliana"},"content":{"rendered":"\n<p><em>Dong Y, Zhang P, Zhong J, Wang J, Xu Y, Huang H, et al. Modifiable lifestyle factors influencing neurological and psychiatric disorders mediated by structural brain reserve: An observational and Mendelian randomization study.\u202fJ Affect Disord.\u202f2025;372:440-450.&nbsp;<\/em><\/p>\n\n\n\n<div style=\"height:40px\" aria-hidden=\"true\" class=\"wp-block-spacer\"><\/div>\n\n\n\n<p><strong>Puntos clave<\/strong>:<\/p>\n\n\n\n<ul class=\"wp-block-list\">\n<li>Muchas enfermedades neurol\u00f3gicas y psiqui\u00e1tricas comparten m\u00faltiples factores de riesgo relacionados con los h\u00e1bitos, como el tabaquismo, el consumo de alcohol, una dieta poco saludable y el sedentarismo.&nbsp;&nbsp;<\/li>\n\n\n\n<li>Varios estudios han relacionado los h\u00e1bitos con cambios cerebrales observados en resonancias magn\u00e9ticas y asociados a trastornos neurol\u00f3gicos y psiqui\u00e1tricos.&nbsp;<\/li>\n\n\n\n<li>La aleatorizaci\u00f3n mendeliana permite evaluar relaciones causales entre h\u00e1bitos, estructura cerebral y trastornos neurol\u00f3gicos y psiqui\u00e1tricos mediante variaciones gen\u00e9ticas.&nbsp;<\/li>\n\n\n\n<li>La depresi\u00f3n mayor mostr\u00f3 asociaci\u00f3n con la velocidad al conducir, siestas, parejas sexuales, videojuegos, consumo de verduras crudas y tiempo de conducci\u00f3n.&nbsp;&nbsp;<\/li>\n\n\n\n<li>La enfermedad de Parkinson se vincul\u00f3 con los videojuegos y la duraci\u00f3n del sue\u00f1o, mientras que el ictus determinado gen\u00e9ticamente se asoci\u00f3 con el consumo de caf\u00e9 y la actividad f\u00edsica moderada a intensa.&nbsp;<\/li>\n\n\n\n<li>El consumo de alcohol se relacion\u00f3 con una mayor probabilidad de atrofia hipocampal, que es crucial para la memoria y las emociones.&nbsp;<\/li>\n\n\n\n<li>Los comportamientos sexuales de riesgo aumentaron el riesgo de enfermedades neurol\u00f3gicas y psiqui\u00e1tricas, con diferencias seg\u00fan el g\u00e9nero.&nbsp;<\/li>\n<\/ul>\n\n\n\n<div style=\"height:40px\" aria-hidden=\"true\" class=\"wp-block-spacer\"><\/div>\n\n\n\n<p>Los mecanismos mediante los cuales los h\u00e1bitos afectan el riesgo de enfermedad son complejos y multifactoriales e incluyen componentes gen\u00e9ticos, conductuales y neurobiol\u00f3gicos. Un mecanismo propuesto es la influencia de los h\u00e1bitos modificables en la \u00abreserva cerebral\u00bb, la cual se refiere a las variaciones en las caracter\u00edsticas anat\u00f3micas y estructurales del cerebro.&nbsp;<\/p>\n\n\n\n<p>Numerosos estudios observacionales han demostrado una relaci\u00f3n entre los h\u00e1bitos y marcadores estructurales cerebrales, identificados mediante resonancia magn\u00e9tica (RM), involucrados en trastornos neurol\u00f3gicos y psiqui\u00e1tricos. Teniendo en cuenta los estudios anteriores, es razonable proponer que los cambios en la estructura cerebral pueden mediar en los efectos protectores de los h\u00e1bitos sobre el riesgo de padecer trastornos neuropsiqui\u00e1tricos al influir en la reserva cerebral de un individuo.&nbsp;<\/p>\n\n\n\n<p>La aleatorizaci\u00f3n mendeliana (AM) es un m\u00e9todo que permite evaluar las posibles relaciones causales entre h\u00e1bitos, estructura cerebral y trastornos neurol\u00f3gicos y psiqui\u00e1tricos. Utiliza variaciones gen\u00e9ticas asociadas a una exposici\u00f3n espec\u00edfica como variables instrumentales para deducir el efecto causal de esa exposici\u00f3n sobre un desenlace.&nbsp;&nbsp;<\/p>\n\n\n\n<p class=\"has-text-align-center has-text-color has-link-color wp-elements-372544621c023fecd53242bf38b3bed2\" style=\"color:#e21077\"><em><em><em><em><em><em><em><em><em><em><em><em><em><em><em><em><em><em><em>Las estimaciones de la AM est\u00e1n menos influidas por factores de confusi\u00f3n ambientales, lo que ofrece una visi\u00f3n m\u00e1s confiable de las relaciones causales que los estudios epidemiol\u00f3gicos tradicionales.&nbsp;<\/em><\/em><\/em><\/em><\/em><\/em><\/em><\/em><\/em><\/em><\/em><\/em><\/em><\/em><\/em><\/em><\/em><\/em><\/em><\/p>\n\n\n\n<p>Este estudio busc\u00f3 explorar sistem\u00e1ticamente las posibles relaciones causales entre los h\u00e1bitos modificables, la estructura cerebral (evaluada mediante RM) y el riesgo de trastornos neurol\u00f3gicos y psiqui\u00e1tricos.&nbsp;<\/p>\n\n\n\n<div style=\"height:40px\" aria-hidden=\"true\" class=\"wp-block-spacer\"><\/div>\n\n\n\n<p class=\"has-text-color has-link-color wp-elements-354b5c872f1bc262003462e32705e0e0\" style=\"color:#e21077;font-size:25px\">Metodolog\u00eda&nbsp;<\/p>\n\n\n\n<p><strong>Poblaci\u00f3n del estudio.<\/strong> Se utiliz\u00f3 la UK Biobank, una amplia base de datos longitudinal que contiene informaci\u00f3n gen\u00e9tica y sanitaria de medio mill\u00f3n de participantes del Reino Unido, reclutados en 22 centros de todo el pa\u00eds entre marzo de 2006 y octubre de 2010.&nbsp;<\/p>\n\n\n\n<p><strong>Medici\u00f3n de los h\u00e1bitos. <\/strong>En la<strong> <\/strong>UK Biobank los h\u00e1bitos se hab\u00edan recopilado mediante un cuestionario en pantalla t\u00e1ctil e inclu\u00edan aspectos como el consumo de alcohol, la dieta, el uso de dispositivos electr\u00f3nicos, la actividad f\u00edsica, los factores sexuales, el sue\u00f1o y el tabaquismo.&nbsp;<\/p>\n\n\n\n<p><strong>Trastornos neurol\u00f3gicos y psiqui\u00e1tricos.<\/strong> Se investigaron enfermedades neurol\u00f3gicas (ictus, demencia y enfermedad de Parkinson) y psiqui\u00e1tricas (depresi\u00f3n mayor, trastorno bipolar y ansiedad).&nbsp;<\/p>\n\n\n\n<p><strong>Resonancia magn\u00e9tica. <\/strong>Los datos estructurales del cerebro se obtuvieron mediante im\u00e1genes ponderadas en T1, con control de calidad. Se analizaron 68 regiones corticales y 7 subcorticales.&nbsp;<\/p>\n\n\n\n<p><strong>Instrumentos gen\u00e9ticos<\/strong>. Para los rasgos de imagen cerebral, se obtuvieron estad\u00edsticas resumidas de las regiones corticales y subcorticales a partir de un estudio pangen\u00f3mico de asociaci\u00f3n realizado con los participantes de ENIGMA.&nbsp;<\/p>\n\n\n\n<p><strong>An\u00e1lisis estad\u00edstico. <\/strong>Se analizaron las relaciones entre los h\u00e1bitos y los marcadores cerebrales mediante modelos de regresi\u00f3n lineal. El modelo 1 no se ajustaba en funci\u00f3n de las variables; el modelo 2 se ajustaba en funci\u00f3n de la edad, el sexo y la etnia; y el modelo 3 se ajustaba en funci\u00f3n de la edad, sexo, etnia, nivel educativo, \u00edndice de masa corporal (IMC), colesterol s\u00e9rico, tratamiento hipotensor, hipertensi\u00f3n y diabetes de tipo 2.&nbsp;&nbsp;<\/p>\n\n\n\n<p>Para examinar la relaci\u00f3n entre el estilo de vida y el riesgo de trastornos neurol\u00f3gicos y psiqui\u00e1tricos, se utilizaron modelos de regresi\u00f3n de Cox. El modelo 1 no se ajustaba en funci\u00f3n de las variables; el modelo 2 se ajustaba en funci\u00f3n de la edad, el sexo y la etnia; y el modelo 3 se ajustaba en funci\u00f3n de una amplia gama de factores de riesgo vascular y posibles factores de confusi\u00f3n.&nbsp;&nbsp;<\/p>\n\n\n\n<p><strong>An\u00e1lisis de aleatorizaci\u00f3n mendeliana. <\/strong>Se hicieron dos tipos de an\u00e1lisis:&nbsp;<\/p>\n\n\n\n<ul class=\"wp-block-list\">\n<li><strong>Aleatorizaci\u00f3n mendeliana univariante bidireccional<\/strong>. Se realizaron an\u00e1lisis de AM univariantes para estimar el efecto causal total de los factores de estilo de vida sobre los trastornos neurol\u00f3gicos y psiqui\u00e1tricos, los factores de estilo de vida sobre los fenotipos derivados de im\u00e1genes (FDI), y los FDI sobre los trastornos neurol\u00f3gicos y psiqui\u00e1tricos.&nbsp;&nbsp;<br>Para examinar la direcci\u00f3n de la asociaci\u00f3n e investigar la posibilidad de causalidad inversa, tambi\u00e9n se estimaron los efectos causales de los trastornos neurol\u00f3gicos y psiqui\u00e1tricos sobre los rasgos de estilo de vida, mediante AM bidireccional.&nbsp;<\/li>\n\n\n\n<li><strong>Aleatorizaci\u00f3n mendeliana multivariante para comprobar la mediaci\u00f3n.<\/strong> Se realizaron an\u00e1lisis de aleatorizaci\u00f3n mendeliana multivariante solo cuando se encontraron asociaciones significativas (<em>p<\/em> &lt;0,05) en el an\u00e1lisis univariante de los trastornos neurol\u00f3gicos y psiqui\u00e1tricos. Para cada caso, se seleccionaron las variantes gen\u00e9ticas relacionadas con el factor de exposici\u00f3n (el h\u00e1bito) o con el mediador (FDI) como variables instrumentales. Este m\u00e9todo permiti\u00f3 estimar el efecto del factor de exposici\u00f3n sobre el resultado, considerando la influencia del mediador. Los resultados se expresaron como una raz\u00f3n de probabilidades ajustada (OR) con su intervalo de confianza del 95% (IC 95 %).&nbsp;<\/li>\n<\/ul>\n\n\n\n<p><strong>Disponibilidad de los datos. <\/strong>Los datos se obtuvieron a trav\u00e9s de una licencia de acceso a la UK Biobank.&nbsp;<\/p>\n\n\n\n<div style=\"height:40px\" aria-hidden=\"true\" class=\"wp-block-spacer\"><\/div>\n\n\n\n<p class=\"has-text-color has-link-color wp-elements-3ea94b12a23ebd98e5cde175f74f8d5b\" style=\"color:#e21077;font-size:25px\">Resultados&nbsp;<\/p>\n\n\n\n<p class=\"has-text-color has-link-color has-medium-font-size wp-elements-fdc9f4ed66bbf16a2bd2b90d3ffee09e\" style=\"color:#e21077\">Caracter\u00edsticas de los pacientes&nbsp;&nbsp;<\/p>\n\n\n\n<p>Se analizaron 502\u202f211 pacientes, con una edad media de 56,53 a\u00f1os, de los cuales el 54,4 % eran mujeres y el 90,3 % eran blancos.&nbsp;<\/p>\n\n\n\n<div style=\"height:40px\" aria-hidden=\"true\" class=\"wp-block-spacer\"><\/div>\n\n\n\n<p class=\"has-text-color has-link-color has-medium-font-size wp-elements-7a1bb6c4ce775c99d89c9dd6791dbb78\" style=\"color:#e21077\">Asociaci\u00f3n entre los h\u00e1bitos y los fenotipos derivados de im\u00e1genes: an\u00e1lisis transversal&nbsp;&nbsp;<\/p>\n\n\n\n<p>Se encontraron asociaciones significativas entre los h\u00e1bitos modificables y m\u00faltiples marcadores de RM.&nbsp;<\/p>\n\n\n\n<div style=\"height:40px\" aria-hidden=\"true\" class=\"wp-block-spacer\"><\/div>\n\n\n\n<p class=\"has-text-color has-link-color has-medium-font-size wp-elements-e8ba249e17ac75a7f4c3855d5c446354\" style=\"color:#e21077\">Asociaci\u00f3n de los h\u00e1bitos modificables con los trastornos neurol\u00f3gicos y psiqui\u00e1tricos: an\u00e1lisis longitudinal&nbsp;&nbsp;<\/p>\n\n\n\n<p>Se encontraron asociaciones significativas entre los h\u00e1bitos modificables y el riesgo de trastornos neurol\u00f3gicos y psiqui\u00e1tricos.&nbsp;&nbsp;<\/p>\n\n\n\n<p>El an\u00e1lisis de sensibilidad demostr\u00f3 resultados similares al usar imputaci\u00f3n m\u00faltiple para imputar los datos faltantes de las covariables y al excluir a quienes fueron diagnosticados de trastornos neurol\u00f3gicos o psiqui\u00e1trico en los primeros cinco a\u00f1os del seguimiento.&nbsp;<\/p>\n\n\n\n<div style=\"height:40px\" aria-hidden=\"true\" class=\"wp-block-spacer\"><\/div>\n\n\n\n<p class=\"has-text-color has-link-color has-medium-font-size wp-elements-a4a99adafb6e946d31077c22f801196c\" style=\"color:#e21077\">An\u00e1lisis de aleatorizaci\u00f3n mendeliana&nbsp;<\/p>\n\n\n\n<p class=\"has-text-color has-link-color wp-elements-454fdca4f093793e8ad69c6ccdbf5593\" style=\"color:#e20177\"><em>Asociaci\u00f3n de los h\u00e1bitos modificables determinados gen\u00e9ticamente con los trastornos neurol\u00f3gicos y psiqui\u00e1tricos&nbsp;<\/em><\/p>\n\n\n\n<p>Los an\u00e1lisis de AM<strong> <\/strong>no encontraron una asociaci\u00f3n significativa entre el consumo de alcohol determinado gen\u00e9ticamente, el uso semanal del tel\u00e9fono m\u00f3vil, el consumo de fruta fresca, el consumo de t\u00e9, el consumo de caf\u00e9, el cronotipo y los ronquidos con ninguna enfermedad neurol\u00f3gica o psiqui\u00e1trica (<em>p<\/em> &gt;0,05).&nbsp;<\/p>\n\n\n\n<p>Se observ\u00f3 cierta causalidad inversa, donde el <strong>trastorno bipolar<\/strong> gen\u00e9ticamente determinado se asoci\u00f3 significativamente con la duraci\u00f3n de los paseos, la somnolencia, el consumo de fruta fresca, despertarse en la ma\u00f1ana, el tiempo de ocio frente a pantallas, las siestas, el n\u00famero de parejas sexuales, jugar a videojuegos, la duraci\u00f3n del sue\u00f1o, el tiempo dedicado a conducir y el uso semanal del tel\u00e9fono m\u00f3vil.&nbsp;<\/p>\n\n\n\n<p>La <strong>depresi\u00f3n mayor <\/strong>se asoci\u00f3 significativamente con la propensi\u00f3n a la velocidad al conducir, las siestas, el n\u00famero de parejas sexuales, jugar a videojuegos, el consumo de verduras crudas y el tiempo dedicado a conducir.&nbsp;<\/p>\n\n\n\n<p>La <strong>enfermedad de Parkinson <\/strong>se asoci\u00f3 significativamente con el uso de videojuegos y la duraci\u00f3n del sue\u00f1o.&nbsp;<\/p>\n\n\n\n<p>El <strong>ictus <\/strong>gen\u00e9ticamente determinado se asoci\u00f3 significativamente con el consumo de caf\u00e9 y los niveles de actividad f\u00edsica de moderada a intensa.&nbsp;<\/p>\n\n\n\n<p>El F estad\u00edstico m\u00ednimo de las variables instrumentales de los h\u00e1bitos fue 28,2, lo cual sugiere una fuerte asociaci\u00f3n entre las variantes gen\u00e9ticas y la exposici\u00f3n.&nbsp;<\/p>\n\n\n\n<div style=\"height:40px\" aria-hidden=\"true\" class=\"wp-block-spacer\"><\/div>\n\n\n\n<p class=\"has-text-color has-link-color wp-elements-add4541244d1badead6b91fa22e0b7cc\" style=\"color:#e20177\"><em><em><em>Asociaci\u00f3n de los h\u00e1bitos modificables determinados gen\u00e9ticamente con los fenotipos derivados de im\u00e1genes&nbsp;&nbsp;<\/em><\/em><\/em><\/p>\n\n\n\n<p>La edad a la que se tuvo la primera relaci\u00f3n sexual se asoci\u00f3 significativamente con el grosor medio global y el grosor medio del \u00e1rea prerrol\u00e1ndica.&nbsp;&nbsp;<\/p>\n\n\n\n<p>El ronquido se asoci\u00f3 significativamente con el \u00e1rea del temporal superior, el \u00e1rea de la parte media caudal del frontal y el volumen del caudado.&nbsp;&nbsp;<\/p>\n\n\n\n<p>Levantarse temprano por la ma\u00f1ana se asoci\u00f3 significativamente con el \u00e1rea del orbitofrontal interno.&nbsp;<\/p>\n\n\n\n<div style=\"height:40px\" aria-hidden=\"true\" class=\"wp-block-spacer\"><\/div>\n\n\n\n<p class=\"has-text-color has-link-color wp-elements-8047d4f02b24910a1f10945805de1db5\" style=\"color:#e20177\"><em><em><em><em>Asociaci\u00f3n de los fenotipos derivados de im\u00e1genes determinadas gen\u00e9ticamente con los trastornos neurol\u00f3gicos y psiqui\u00e1tricos&nbsp;&nbsp;<\/em><\/em><\/em><\/em><\/p>\n\n\n\n<p>El grosor medio de la regi\u00f3n temporal media y el grosor medio del l\u00f3bulo cuneiforme se asociaron significativamente con el accidente cerebrovascular.&nbsp;<\/p>\n\n\n\n<p>El \u00e1rea de la superficie total y el grosor medio del l\u00f3bulo cuneiforme se asociaron significativamente con la demencia.&nbsp;<\/p>\n\n\n\n<p>El \u00e1rea de la superficie total se asoci\u00f3 significativamente con la enfermedad de Parkinson.&nbsp;<\/p>\n\n\n\n<p>El \u00e1rea del istmo del giro cingular y el grosor medio del temporal superior se asociaron significativamente con la depresi\u00f3n mayor.&nbsp;<\/p>\n\n\n\n<p>El \u00e1rea del temporal superior y el grosor medio del l\u00f3bulo cuneiforme se asociaron significativamente con el trastorno bipolar.&nbsp;<\/p>\n\n\n\n<div style=\"height:40px\" aria-hidden=\"true\" class=\"wp-block-spacer\"><\/div>\n\n\n\n<p class=\"has-text-color has-link-color has-medium-font-size wp-elements-a4a99adafb6e946d31077c22f801196c\" style=\"color:#e21077\">An\u00e1lisis de aleatorizaci\u00f3n mendeliana&nbsp;<\/p>\n\n\n\n<p>En el an\u00e1lisis de mediaci\u00f3n, la asociaci\u00f3n entre la somnolencia diurna y la demencia por todas las causas se atenu\u00f3 tras el ajuste en funci\u00f3n del \u00e1rea del temporal transverso y, en mayor medida, por el grosor medio del l\u00f3bulo cuneiforme.&nbsp;&nbsp;<\/p>\n\n\n\n<p>La asociaci\u00f3n entre la edad de la primera relaci\u00f3n sexual y la enfermedad de Parkinson se atenu\u00f3 tras ajustar en funci\u00f3n del grosor medio del prel\u00f3bulo cuneiforme.&nbsp;<\/p>\n\n\n\n<p>La asociaci\u00f3n entre el \u00edndice de tabaquismo a lo largo de la vida y la enfermedad de Parkinson se atenu\u00f3 tras el ajuste en funci\u00f3n del volumen de caudado.&nbsp;<\/p>\n\n\n\n<p class=\"has-text-align-center has-text-color has-link-color wp-elements-8499d8dddafc5c27a4bf503786e6b42c\" style=\"color:#e21077\"><em><em><em><em><em><em><em><em><em><em><em><em><em><em><em><em><em><em><em><em>Los resultados de la AM bidireccional no indicaron relaciones causales inversas.&nbsp;<\/em><\/em><\/em><\/em><\/em><\/em><\/em><\/em><\/em><\/em><\/em><\/em><\/em><\/em><\/em><\/em><\/em><\/em><\/em><\/em><\/p>\n\n\n\n<div style=\"height:40px\" aria-hidden=\"true\" class=\"wp-block-spacer\"><\/div>\n\n\n\n<p class=\"has-text-color has-link-color wp-elements-6db5adfaed0c5be7fc36b3cf934a8ea7\" style=\"color:#e21077;font-size:25px\">Discusi\u00f3n&nbsp;&nbsp;<\/p>\n\n\n\n<p>Se investig\u00f3 la relaci\u00f3n de 23 h\u00e1bitos con el riesgo de padecer 6 trastornos neurol\u00f3gicos y psiqui\u00e1tricos, utilizando datos observacionales y gen\u00e9ticos, en m\u00e1s de 500.000 individuos. Se encontraron asociaciones entre m\u00faltiples h\u00e1bitos y trastornos neurol\u00f3gicos y psiqui\u00e1tricos, as\u00ed como asociaciones entre m\u00faltiples h\u00e1bitos y la estructura cerebral medida por RM.&nbsp;<\/p>\n\n\n\n<p>Factores como la edad de la primera relaci\u00f3n sexual, el consumo de alcohol, la ingesta de caf\u00e9, el tabaquismo a largo plazo y la actividad f\u00edsica indicaron asociaciones fuertes con numerosos FDI. Por ejemplo, un mayor consumo de alcohol se asoci\u00f3 con una mayor probabilidad de atrofia hipocampal, que es crucial para la memoria y las emociones.&nbsp;&nbsp;<\/p>\n\n\n\n<p>El tabaquismo a largo plazo se asoci\u00f3 significativamente con un aumento en la probabilidad de varias enfermedades neurol\u00f3gicas y psiqui\u00e1tricas, tales como ansiedad, trastorno bipolar, depresi\u00f3n mayor y accidente cerebrovascular. En cambio, a mayor \u00edndice de tabaquismo a largo plazo, menor la probabilidad de desarrollar enfermedad de Parkinson.&nbsp;&nbsp;<\/p>\n\n\n\n<p>El sedentarismo prolongado se asoci\u00f3 con un aumento del riesgo de accidente cerebrovascular y depresi\u00f3n mayor. Sin embargo, no se identificaron relaciones causales entre la actividad f\u00edsica moderada a intensa, el h\u00e1bito de caminar y las enfermedades neurol\u00f3gicas o psiqui\u00e1tricas.&nbsp;<\/p>\n\n\n\n<p>El uso moderado de videojuegos podr\u00eda ayudar a reducir la ansiedad, el estr\u00e9s y el riesgo de trastorno bipolar, mientras que no se encontr\u00f3 una relaci\u00f3n causal entre el tiempo de uso del tel\u00e9fono m\u00f3vil y las enfermedades.&nbsp;&nbsp;<\/p>\n\n\n\n<p>En cuanto a los h\u00e1bitos diet\u00e9ticos, no se encontr\u00f3 una relaci\u00f3n entre un tipo espec\u00edfico de alimentaci\u00f3n y las enfermedades neurol\u00f3gicas ni la depresi\u00f3n mayor. Esto podr\u00eda deberse a que el estudio incluy\u00f3 un n\u00famero limitado de tipos de dieta.&nbsp;<\/p>\n\n\n\n<p>Los comportamientos sexuales de riesgo, como el inicio temprano de la primera relaci\u00f3n sexual y tener m\u00faltiples compa\u00f1eros sexuales, indicaron un aumento del riesgo de enfermedades neurol\u00f3gicas y psiqui\u00e1tricas, con diferencias de g\u00e9nero significativas.&nbsp;<\/p>\n\n\n\n<p>La somnolencia se asoci\u00f3 con mayor riesgo de demencia, mientras que dormir en exceso (incluidas las siestas), el insomnio frecuente y el f\u00e1cil despertar matutino podr\u00edan vincularse a mayor riesgo de depresi\u00f3n mayor. No se encontraron relaciones causales entre el cronotipo, los ronquidos y las enfermedades.&nbsp;<\/p>\n\n\n\n<p>La edad de la primera relaci\u00f3n sexual se correlacion\u00f3 con el grosor global medio y el grosor cortical en la circunvoluci\u00f3n precentral, que se ha vinculado al control del movimiento voluntario. El ronquido se asoci\u00f3 con el \u00e1rea temporal superior (una estructura cr\u00edtica en la cognici\u00f3n social) y con el \u00e1rea frontal media caudal y el volumen del caudado (implicados en el aprendizaje, la memoria, la recompensa, la motivaci\u00f3n, la emoci\u00f3n y la interacci\u00f3n rom\u00e1ntica). Adem\u00e1s, levantarse en la ma\u00f1ana se asoci\u00f3 con el \u00e1rea orbitofrontal medial, involucrada en el proceso cognitivo.&nbsp;&nbsp;<\/p>\n\n\n\n<p class=\"has-text-align-center has-text-color has-link-color wp-elements-2fa8340498ab9e4ee811c8f533e9e15b\" style=\"color:#e21077\"><em><em><em><em><em><em><em><em><em><em><em><em><em><em><em><em><em><em><em><em><em>Estos resultados indicaron que las alteraciones de la morfolog\u00eda cerebral podr\u00edan ser un mecanismo biol\u00f3gico que vincula los h\u00e1bitos con las enfermedades.&nbsp;&nbsp;<\/em><\/em><\/em><\/em><\/em><\/em><\/em><\/em><\/em><\/em><\/em><\/em><\/em><\/em><\/em><\/em><\/em><\/em><\/em><\/em><\/em><\/p>\n\n\n\n<p>El an\u00e1lisis de mediaci\u00f3n mediante AM proporcion\u00f3 una visi\u00f3n m\u00e1s profunda de las v\u00edas a trav\u00e9s de las cuales los h\u00e1bitos influyen en los resultados neuropsiqui\u00e1tricos. La significativa asociaci\u00f3n entre la somnolencia diurna y la demencia podr\u00eda deberse a que las siestas afectan el flujo sangu\u00edneo cerebral del l\u00f3bulo cuneiforme, lo que conduce a su atrofia. La relaci\u00f3n entre el tabaquismo a largo plazo y la enfermedad de Parkinson podr\u00eda atribuirse a las altas concentraciones de mon\u00f3xido de carbono (que reduce el estr\u00e9s oxidativo y ofrece neuroprotecci\u00f3n) en los fumadores, as\u00ed como a los inhibidores de la monoaminooxidasa-B del tabaco, los cuales se asocian con un menor riesgo de la enfermedad.&nbsp;<\/p>\n\n\n\n<p class=\"has-text-align-center has-text-color has-link-color wp-elements-0dbf3562b9572cb7db3ee5fb47e30985\" style=\"color:#e21077\"><em><em><em><em><em><em><em><em><em><em><em><em><em><em><em><em><em><em><em><em><em><em>En conclusi\u00f3n, los exhaustivos an\u00e1lisis de AM pusieron de relieve la influencia fundamental de los h\u00e1bitos en la estructura cerebral y la salud neuropsiqui\u00e1trica.&nbsp;&nbsp;<\/em><\/em><\/em><\/em><\/em><\/em><\/em><\/em><\/em><\/em><\/em><\/em><\/em><\/em><\/em><\/em><\/em><\/em><\/em><\/em><\/em><\/em><\/p>\n\n\n\n<div style=\"height:40px\" aria-hidden=\"true\" class=\"wp-block-spacer\"><\/div>\n\n\n\n<p><strong>Enlace al art\u00edculo original<\/strong>: <a href=\"https:\/\/www.sciencedirect.com\/science\/article\/pii\/S016503272402024X?via%3Dihub\" target=\"_blank\" rel=\"noreferrer noopener\">https:\/\/www.sciencedirect.com\/science\/article\/pii\/S016503272402024X?via%3Dihub<\/a>&nbsp;<\/p>\n\n\n\n<div style=\"height:40px\" aria-hidden=\"true\" class=\"wp-block-spacer\"><\/div>\n\n\n\n<div class=\"wp-block-columns is-layout-flex wp-container-core-columns-is-layout-9d6595d7 wp-block-columns-is-layout-flex\">\n<div class=\"wp-block-column is-layout-flow wp-block-column-is-layout-flow\"><\/div>\n\n\n\n<div class=\"wp-block-column is-layout-flow wp-block-column-is-layout-flow\"><div class=\"wp-block-image\">\n<figure class=\"aligncenter size-full is-resized\"><img loading=\"lazy\" decoding=\"async\" width=\"442\" height=\"68\" src=\"https:\/\/organonpro.com\/es-es\/wp-content\/uploads\/sites\/11\/2024\/12\/logo-organon.png\" alt=\"\" class=\"wp-image-35690\" style=\"width:247px;height:auto\" srcset=\"https:\/\/organonpro.com\/es-es\/wp-content\/uploads\/sites\/11\/2024\/12\/logo-organon.png 442w, https:\/\/organonpro.com\/es-es\/wp-content\/uploads\/sites\/11\/2024\/12\/logo-organon.png?resize=300,46 300w, https:\/\/organonpro.com\/es-es\/wp-content\/uploads\/sites\/11\/2024\/12\/logo-organon.png?resize=288,44 288w, https:\/\/organonpro.com\/es-es\/wp-content\/uploads\/sites\/11\/2024\/12\/logo-organon.png?resize=400,62 400w, https:\/\/organonpro.com\/es-es\/wp-content\/uploads\/sites\/11\/2024\/12\/logo-organon.png?resize=375,58 375w, https:\/\/organonpro.com\/es-es\/wp-content\/uploads\/sites\/11\/2024\/12\/logo-organon.png?resize=150,23 150w, https:\/\/organonpro.com\/es-es\/wp-content\/uploads\/sites\/11\/2024\/12\/logo-organon.png?resize=396,61 396w, https:\/\/organonpro.com\/es-es\/wp-content\/uploads\/sites\/11\/2024\/12\/logo-organon.png?resize=100,15 100w, https:\/\/organonpro.com\/es-es\/wp-content\/uploads\/sites\/11\/2024\/12\/logo-organon.png?resize=426,66 426w, https:\/\/organonpro.com\/es-es\/wp-content\/uploads\/sites\/11\/2024\/12\/logo-organon.png?resize=64,10 64w, https:\/\/organonpro.com\/es-es\/wp-content\/uploads\/sites\/11\/2024\/12\/logo-organon.png?resize=190,29 190w, https:\/\/organonpro.com\/es-es\/wp-content\/uploads\/sites\/11\/2024\/12\/logo-organon.png?resize=174,27 174w, https:\/\/organonpro.com\/es-es\/wp-content\/uploads\/sites\/11\/2024\/12\/logo-organon.png?resize=301,46 301w\" sizes=\"auto, (max-width: 442px) 100vw, 442px\" \/><\/figure><\/div><\/div>\n\n\n\n<div class=\"wp-block-column is-layout-flow wp-block-column-is-layout-flow\"><\/div>\n<\/div>\n","protected":false},"excerpt":{"rendered":"<p>Dong Y, Zhang P, Zhong J, Wang J, Xu Y, Huang H, et al. Modifiable lifestyle factors influencing neurological and psychiatric disorders mediated by structural brain reserve: An observational and Mendelian randomization study.\u202fJ Affect Disord.\u202f2025;372:440-450.&nbsp; Puntos clave: Los mecanismos mediante los cuales los h\u00e1bitos afectan el riesgo de enfermedad son complejos y multifactoriales e incluyen [&hellip;]<\/p>\n","protected":false},"author":120,"featured_media":26396,"parent":0,"menu_order":0,"template":"","meta":{"_acf_changed":true},"tags":[],"news_categories":[208,204],"class_list":["post-26169","news","type-news","status-publish","has-post-thumbnail","hentry","news_categories-neurologia","news_categories-psiquiatria"],"acf":[],"yoast_head":"<!-- This site is optimized with the Yoast SEO Premium plugin v20.11 (Yoast SEO v26.6) - https:\/\/yoast.com\/wordpress\/plugins\/seo\/ -->\n<title>H\u00e1bitos modificables que influyen en los trastornos neurol\u00f3gicos y psiqui\u00e1tricos a trav\u00e9s de la reserva cerebral estructural: estudio observacional de aleatorizaci\u00f3n mendeliana - Organon Pro - Espa\u00f1a<\/title>\n<meta name=\"description\" content=\"Actual\u00edzate en unos minutos sobre los h\u00e1bitos modificables que influyen en los trastornos neurol\u00f3gicos y psiqui\u00e1tricos a trav\u00e9s de la reserva cerebral estructural\" \/>\n<meta name=\"robots\" content=\"noindex, follow\" \/>\n<meta property=\"og:locale\" content=\"en_US\" \/>\n<meta property=\"og:type\" content=\"article\" \/>\n<meta property=\"og:title\" content=\"H\u00e1bitos modificables que influyen en los trastornos neurol\u00f3gicos y psiqui\u00e1tricos a trav\u00e9s de la reserva cerebral estructural: estudio observacional de aleatorizaci\u00f3n mendeliana\" \/>\n<meta property=\"og:description\" content=\"Actual\u00edzate en unos minutos sobre los h\u00e1bitos modificables que influyen en los trastornos neurol\u00f3gicos y psiqui\u00e1tricos a trav\u00e9s de la reserva cerebral estructural\" \/>\n<meta property=\"og:url\" content=\"https:\/\/organonpro.com\/es-es\/news\/habitos-modificables-trastornos-neurologicos-y-psiquiatricos-reserva-cerebral\/\" \/>\n<meta property=\"og:site_name\" content=\"Organon Pro - Espa\u00f1a\" \/>\n<meta property=\"article:publisher\" content=\"https:\/\/www.facebook.com\/OrganonandCo\" \/>\n<meta property=\"article:modified_time\" content=\"2026-01-27T10:52:39+00:00\" \/>\n<meta property=\"og:image\" content=\"https:\/\/organonpro.com\/es-es\/wp-content\/uploads\/sites\/11\/2025\/03\/resumen-habitos-modificables2.jpg\" \/>\n\t<meta property=\"og:image:width\" content=\"1200\" \/>\n\t<meta property=\"og:image:height\" content=\"676\" \/>\n\t<meta property=\"og:image:type\" content=\"image\/jpeg\" \/>\n<meta name=\"twitter:card\" content=\"summary_large_image\" \/>\n<meta name=\"twitter:site\" content=\"@OrganonLLC\" \/>\n<meta name=\"twitter:label1\" content=\"Est. reading time\" \/>\n\t<meta name=\"twitter:data1\" content=\"10 minutes\" \/>\n<script type=\"application\/ld+json\" class=\"yoast-schema-graph\">{\"@context\":\"https:\/\/schema.org\",\"@graph\":[{\"@type\":\"WebPage\",\"@id\":\"https:\/\/organonpro.com\/es-es\/news\/habitos-modificables-trastornos-neurologicos-y-psiquiatricos-reserva-cerebral\/\",\"url\":\"https:\/\/organonpro.com\/es-es\/news\/habitos-modificables-trastornos-neurologicos-y-psiquiatricos-reserva-cerebral\/\",\"name\":\"H\u00e1bitos modificables que influyen en los trastornos neurol\u00f3gicos y psiqui\u00e1tricos a trav\u00e9s de la reserva cerebral estructural: estudio observacional de aleatorizaci\u00f3n mendeliana - Organon Pro - Espa\u00f1a\",\"isPartOf\":{\"@id\":\"https:\/\/organonpro.com\/es-es\/#website\"},\"primaryImageOfPage\":{\"@id\":\"https:\/\/organonpro.com\/es-es\/news\/habitos-modificables-trastornos-neurologicos-y-psiquiatricos-reserva-cerebral\/#primaryimage\"},\"image\":{\"@id\":\"https:\/\/organonpro.com\/es-es\/news\/habitos-modificables-trastornos-neurologicos-y-psiquiatricos-reserva-cerebral\/#primaryimage\"},\"thumbnailUrl\":\"https:\/\/organonpro.com\/es-es\/wp-content\/uploads\/sites\/11\/2025\/03\/resumen-habitos-modificables2.jpg\",\"datePublished\":\"2025-03-31T08:20:18+00:00\",\"dateModified\":\"2026-01-27T10:52:39+00:00\",\"description\":\"Actual\u00edzate en unos minutos sobre los h\u00e1bitos modificables que influyen en los trastornos neurol\u00f3gicos y psiqui\u00e1tricos a trav\u00e9s de la reserva cerebral estructural\",\"breadcrumb\":{\"@id\":\"https:\/\/organonpro.com\/es-es\/news\/habitos-modificables-trastornos-neurologicos-y-psiquiatricos-reserva-cerebral\/#breadcrumb\"},\"inLanguage\":\"en-US\",\"potentialAction\":[{\"@type\":\"ReadAction\",\"target\":[\"https:\/\/organonpro.com\/es-es\/news\/habitos-modificables-trastornos-neurologicos-y-psiquiatricos-reserva-cerebral\/\"]}]},{\"@type\":\"ImageObject\",\"inLanguage\":\"en-US\",\"@id\":\"https:\/\/organonpro.com\/es-es\/news\/habitos-modificables-trastornos-neurologicos-y-psiquiatricos-reserva-cerebral\/#primaryimage\",\"url\":\"https:\/\/organonpro.com\/es-es\/wp-content\/uploads\/sites\/11\/2025\/03\/resumen-habitos-modificables2.jpg\",\"contentUrl\":\"https:\/\/organonpro.com\/es-es\/wp-content\/uploads\/sites\/11\/2025\/03\/resumen-habitos-modificables2.jpg\",\"width\":1200,\"height\":676},{\"@type\":\"BreadcrumbList\",\"@id\":\"https:\/\/organonpro.com\/es-es\/news\/habitos-modificables-trastornos-neurologicos-y-psiquiatricos-reserva-cerebral\/#breadcrumb\",\"itemListElement\":[{\"@type\":\"ListItem\",\"position\":1,\"name\":\"Home\",\"item\":\"https:\/\/organonpro.com\/es-es\/\"},{\"@type\":\"ListItem\",\"position\":2,\"name\":\"News\",\"item\":\"https:\/\/organonpro.com\/es-es\/news\/\"},{\"@type\":\"ListItem\",\"position\":3,\"name\":\"H\u00e1bitos modificables que influyen en los trastornos neurol\u00f3gicos y psiqui\u00e1tricos a trav\u00e9s de la reserva cerebral estructural: estudio observacional de aleatorizaci\u00f3n mendeliana\"}]},{\"@type\":\"WebSite\",\"@id\":\"https:\/\/organonpro.com\/es-es\/#website\",\"url\":\"https:\/\/organonpro.com\/es-es\/\",\"name\":\"Organon Pro - Espa\u00f1a\",\"description\":\"Organon Pro - Espa\u00f1a\",\"publisher\":{\"@id\":\"https:\/\/organonpro.com\/es-es\/#organization\"},\"potentialAction\":[{\"@type\":\"SearchAction\",\"target\":{\"@type\":\"EntryPoint\",\"urlTemplate\":\"https:\/\/organonpro.com\/es-es\/?s={search_term_string}\"},\"query-input\":{\"@type\":\"PropertyValueSpecification\",\"valueRequired\":true,\"valueName\":\"search_term_string\"}}],\"inLanguage\":\"en-US\"},{\"@type\":\"Organization\",\"@id\":\"https:\/\/organonpro.com\/es-es\/#organization\",\"name\":\"Organon Pro - Espa\u00f1a\",\"url\":\"https:\/\/organonpro.com\/es-es\/\",\"logo\":{\"@type\":\"ImageObject\",\"inLanguage\":\"en-US\",\"@id\":\"https:\/\/organonpro.com\/es-es\/#\/schema\/logo\/image\/\",\"url\":\"https:\/\/organonpro.com\/es-es\/wp-content\/uploads\/sites\/11\/2023\/08\/organon-pro-1.webp\",\"contentUrl\":\"https:\/\/organonpro.com\/es-es\/wp-content\/uploads\/sites\/11\/2023\/08\/organon-pro-1.webp\",\"width\":2269,\"height\":243,\"caption\":\"Organon Pro - Espa\u00f1a\"},\"image\":{\"@id\":\"https:\/\/organonpro.com\/es-es\/#\/schema\/logo\/image\/\"},\"sameAs\":[\"https:\/\/www.facebook.com\/OrganonandCo\",\"https:\/\/x.com\/OrganonLLC\"]}]}<\/script>\n<!-- \/ Yoast SEO Premium plugin. -->","yoast_head_json":{"title":"H\u00e1bitos modificables que influyen en los trastornos neurol\u00f3gicos y psiqui\u00e1tricos a trav\u00e9s de la reserva cerebral estructural: estudio observacional de aleatorizaci\u00f3n mendeliana - Organon Pro - Espa\u00f1a","description":"Actual\u00edzate en unos minutos sobre los h\u00e1bitos modificables que influyen en los trastornos neurol\u00f3gicos y psiqui\u00e1tricos a trav\u00e9s de la reserva cerebral estructural","robots":{"index":"noindex","follow":"follow"},"og_locale":"en_US","og_type":"article","og_title":"H\u00e1bitos modificables que influyen en los trastornos neurol\u00f3gicos y psiqui\u00e1tricos a trav\u00e9s de la reserva cerebral estructural: estudio observacional de aleatorizaci\u00f3n mendeliana","og_description":"Actual\u00edzate en unos minutos sobre los h\u00e1bitos modificables que influyen en los trastornos neurol\u00f3gicos y psiqui\u00e1tricos a trav\u00e9s de la reserva cerebral estructural","og_url":"https:\/\/organonpro.com\/es-es\/news\/habitos-modificables-trastornos-neurologicos-y-psiquiatricos-reserva-cerebral\/","og_site_name":"Organon Pro - Espa\u00f1a","article_publisher":"https:\/\/www.facebook.com\/OrganonandCo","article_modified_time":"2026-01-27T10:52:39+00:00","og_image":[{"width":1200,"height":676,"url":"https:\/\/organonpro.com\/es-es\/wp-content\/uploads\/sites\/11\/2025\/03\/resumen-habitos-modificables2.jpg","type":"image\/jpeg"}],"twitter_card":"summary_large_image","twitter_site":"@OrganonLLC","twitter_misc":{"Est. reading time":"10 minutes"},"schema":{"@context":"https:\/\/schema.org","@graph":[{"@type":"WebPage","@id":"https:\/\/organonpro.com\/es-es\/news\/habitos-modificables-trastornos-neurologicos-y-psiquiatricos-reserva-cerebral\/","url":"https:\/\/organonpro.com\/es-es\/news\/habitos-modificables-trastornos-neurologicos-y-psiquiatricos-reserva-cerebral\/","name":"H\u00e1bitos modificables que influyen en los trastornos neurol\u00f3gicos y psiqui\u00e1tricos a trav\u00e9s de la reserva cerebral estructural: estudio observacional de aleatorizaci\u00f3n mendeliana - Organon Pro - Espa\u00f1a","isPartOf":{"@id":"https:\/\/organonpro.com\/es-es\/#website"},"primaryImageOfPage":{"@id":"https:\/\/organonpro.com\/es-es\/news\/habitos-modificables-trastornos-neurologicos-y-psiquiatricos-reserva-cerebral\/#primaryimage"},"image":{"@id":"https:\/\/organonpro.com\/es-es\/news\/habitos-modificables-trastornos-neurologicos-y-psiquiatricos-reserva-cerebral\/#primaryimage"},"thumbnailUrl":"https:\/\/organonpro.com\/es-es\/wp-content\/uploads\/sites\/11\/2025\/03\/resumen-habitos-modificables2.jpg","datePublished":"2025-03-31T08:20:18+00:00","dateModified":"2026-01-27T10:52:39+00:00","description":"Actual\u00edzate en unos minutos sobre los h\u00e1bitos modificables que influyen en los trastornos neurol\u00f3gicos y psiqui\u00e1tricos a trav\u00e9s de la reserva cerebral estructural","breadcrumb":{"@id":"https:\/\/organonpro.com\/es-es\/news\/habitos-modificables-trastornos-neurologicos-y-psiquiatricos-reserva-cerebral\/#breadcrumb"},"inLanguage":"en-US","potentialAction":[{"@type":"ReadAction","target":["https:\/\/organonpro.com\/es-es\/news\/habitos-modificables-trastornos-neurologicos-y-psiquiatricos-reserva-cerebral\/"]}]},{"@type":"ImageObject","inLanguage":"en-US","@id":"https:\/\/organonpro.com\/es-es\/news\/habitos-modificables-trastornos-neurologicos-y-psiquiatricos-reserva-cerebral\/#primaryimage","url":"https:\/\/organonpro.com\/es-es\/wp-content\/uploads\/sites\/11\/2025\/03\/resumen-habitos-modificables2.jpg","contentUrl":"https:\/\/organonpro.com\/es-es\/wp-content\/uploads\/sites\/11\/2025\/03\/resumen-habitos-modificables2.jpg","width":1200,"height":676},{"@type":"BreadcrumbList","@id":"https:\/\/organonpro.com\/es-es\/news\/habitos-modificables-trastornos-neurologicos-y-psiquiatricos-reserva-cerebral\/#breadcrumb","itemListElement":[{"@type":"ListItem","position":1,"name":"Home","item":"https:\/\/organonpro.com\/es-es\/"},{"@type":"ListItem","position":2,"name":"News","item":"https:\/\/organonpro.com\/es-es\/news\/"},{"@type":"ListItem","position":3,"name":"H\u00e1bitos modificables que influyen en los trastornos neurol\u00f3gicos y psiqui\u00e1tricos a trav\u00e9s de la reserva cerebral estructural: estudio observacional de aleatorizaci\u00f3n mendeliana"}]},{"@type":"WebSite","@id":"https:\/\/organonpro.com\/es-es\/#website","url":"https:\/\/organonpro.com\/es-es\/","name":"Organon Pro - Espa\u00f1a","description":"Organon Pro - Espa\u00f1a","publisher":{"@id":"https:\/\/organonpro.com\/es-es\/#organization"},"potentialAction":[{"@type":"SearchAction","target":{"@type":"EntryPoint","urlTemplate":"https:\/\/organonpro.com\/es-es\/?s={search_term_string}"},"query-input":{"@type":"PropertyValueSpecification","valueRequired":true,"valueName":"search_term_string"}}],"inLanguage":"en-US"},{"@type":"Organization","@id":"https:\/\/organonpro.com\/es-es\/#organization","name":"Organon Pro - Espa\u00f1a","url":"https:\/\/organonpro.com\/es-es\/","logo":{"@type":"ImageObject","inLanguage":"en-US","@id":"https:\/\/organonpro.com\/es-es\/#\/schema\/logo\/image\/","url":"https:\/\/organonpro.com\/es-es\/wp-content\/uploads\/sites\/11\/2023\/08\/organon-pro-1.webp","contentUrl":"https:\/\/organonpro.com\/es-es\/wp-content\/uploads\/sites\/11\/2023\/08\/organon-pro-1.webp","width":2269,"height":243,"caption":"Organon Pro - Espa\u00f1a"},"image":{"@id":"https:\/\/organonpro.com\/es-es\/#\/schema\/logo\/image\/"},"sameAs":["https:\/\/www.facebook.com\/OrganonandCo","https:\/\/x.com\/OrganonLLC"]}]}},"jetpack_sharing_enabled":true,"_links":{"self":[{"href":"https:\/\/organonpro.com\/es-es\/wp-json\/wp\/v2\/news\/26169","targetHints":{"allow":["GET"]}}],"collection":[{"href":"https:\/\/organonpro.com\/es-es\/wp-json\/wp\/v2\/news"}],"about":[{"href":"https:\/\/organonpro.com\/es-es\/wp-json\/wp\/v2\/types\/news"}],"author":[{"embeddable":true,"href":"https:\/\/organonpro.com\/es-es\/wp-json\/wp\/v2\/users\/120"}],"wp:featuredmedia":[{"embeddable":true,"href":"https:\/\/organonpro.com\/es-es\/wp-json\/wp\/v2\/media\/26396"}],"wp:attachment":[{"href":"https:\/\/organonpro.com\/es-es\/wp-json\/wp\/v2\/media?parent=26169"}],"wp:term":[{"taxonomy":"post_tag","embeddable":true,"href":"https:\/\/organonpro.com\/es-es\/wp-json\/wp\/v2\/tags?post=26169"},{"taxonomy":"news_categories","embeddable":true,"href":"https:\/\/organonpro.com\/es-es\/wp-json\/wp\/v2\/news_categories?post=26169"}],"curies":[{"name":"wp","href":"https:\/\/api.w.org\/{rel}","templated":true}]}}