{"id":26082,"date":"2025-03-31T07:50:00","date_gmt":"2025-03-31T07:50:00","guid":{"rendered":"https:\/\/organonpro.com\/es-es\/?post_type=news&#038;p=26082"},"modified":"2026-01-27T10:58:42","modified_gmt":"2026-01-27T10:58:42","slug":"aspectos-destacados-imagen-cardiaca-del-congreso-sociedad-europea-cardiologia-2024","status":"publish","type":"news","link":"https:\/\/organonpro.com\/es-es\/news\/aspectos-destacados-imagen-cardiaca-del-congreso-sociedad-europea-cardiologia-2024\/","title":{"rendered":"Aspectos destacados en imagen card\u00edaca del congreso de la Sociedad Europea de Cardiolog\u00eda 2024: \u00a1el futuro est\u00e1 a nuestro alcance!"},"content":{"rendered":"\n<p><em>Figliozzi S, Hutt E, Gimelli A, Jaber WA. Cardiac imaging highlights from European Society of Cardiology 2024: the future is within our grasp! Eur Heart J Imaging Methods Pract. 2025;3(1):qyaf009.<\/em><\/p>\n\n\n\n<div style=\"height:40px\" aria-hidden=\"true\" class=\"wp-block-spacer\"><\/div>\n\n\n\n<p><strong>Puntos clave:<\/strong><\/p>\n\n\n\n<ul class=\"wp-block-list\">\n<li>La integracionistas de inteligencia artificial en cardiolog\u00eda puede ayudar al diagn\u00f3stico temprano y a la precision diagn\u00f3stica.<\/li>\n\n\n\n<li>Algunas herramientas diagn\u00f3sticas, como los ecocardiogramas, la resonancia magn\u00e9tica cardiovascular y la tomograf\u00eda por emisi\u00f3n de positrones (PET) pueden ayudar a identificar biomarcadores y caracter\u00edsticas que permitan predecir el riesgo de eventos cardiovasculares.<\/li>\n<\/ul>\n\n\n\n<div style=\"height:40px\" aria-hidden=\"true\" class=\"wp-block-spacer\"><\/div>\n\n\n\n<p>Este art\u00edculo ofrece los aspectos clave recogidos en el congreso de la Sociedad Europea de Cardiolog\u00eda celebrado en 2024, en cuanto a novedades y aplicaciones cl\u00ednicas de la ecocardiograf\u00eda, la resonancia magn\u00e9tica cardiovascular (RMC), la tomograf\u00eda computarizada (TC) y los estudios de im\u00e1genes de medicina nuclear.\u00a0<\/p>\n\n\n\n<div style=\"height:40px\" aria-hidden=\"true\" class=\"wp-block-spacer\"><\/div>\n\n\n\n<p class=\"has-text-color has-link-color wp-elements-9691a4ceb2447e8a6ed4180f99333a79\" style=\"color:#e21077;font-size:25px\">Aspectos destacados en ecocardiograf\u00eda\u00a0<\/p>\n\n\n\n<p class=\"has-text-color has-link-color has-medium-font-size wp-elements-c4e792aec5bfec94ce6d694c5ba44b14\" style=\"color:#e21077\">Aprendizaje autom\u00e1tico aplicado a v\u00eddeos de Doppler en color para evaluar la gravedad de la regurgitaci\u00f3n valvular card\u00edaca\u00a0<\/p>\n\n\n\n<p>La valoraci\u00f3n ecocardiogr\u00e1fica de la regurgitaci\u00f3n valvular card\u00edaca es compleja y puede generar incertidumbres y discrepancias sobre la gravedad de la insuficiencia a\u00f3rtica (IAo), la insuficiencia mitral (IM) y la insuficiencia tricusp\u00eddea (IT).\u00a0\u00a0<\/p>\n\n\n\n<p class=\"has-text-align-center has-text-color has-link-color wp-elements-28b38b54adaa06477d74e348b5654608\" style=\"color:#e21077\"><em><em><em><em><em><em><em><em><em><em><em><em><em><em><em><em><em><em><em>La inteligencia artificial ofrece soluciones prometedoras para mejorar la fiabilidad de la evaluaci\u00f3n ecocardiogr\u00e1fica.\u00a0<\/em><\/em><\/em><\/em><\/em><\/em><\/em><\/em><\/em><\/em><\/em><\/em><\/em><\/em><\/em><\/em><\/em><\/em><\/em><\/p>\n\n\n\n<p>En esta l\u00ednea, se ha propuesto un sistema de aprendizaje profundo para cuantificar la IAo, la IM y la IT. El sistema, llamado DELINEATERegurgitation (Deep Learning for Echo Analysis, Tracking, and Evaluation of Valvular Regurgitation) identific\u00f3 v\u00eddeos Doppler en color y clasific\u00f3 estas insuficiencias en una escala de seis niveles, utilizando la interpretaci\u00f3n de un cardi\u00f3logo humano como patr\u00f3n de referencia. DELINEATERegurgitation mostr\u00f3 un alto grado de precisi\u00f3n en la clasificaci\u00f3n de la IAo (<em>k<\/em> = 0,857), de la IM (<em>k<\/em> = 0,867) y de la IT (<em>k <\/em>= 0,847), prediciendo la misma clasificaci\u00f3n de gravedad que los cardi\u00f3logos (IAo 91,8 %, IM 79,9 % e IT 77,7 %) o con una precisi\u00f3n de \u00b11 grado (IAo 99,5 %, IM 98,6 % e IT 98,6 %) .&nbsp;<\/p>\n\n\n\n<div style=\"height:40px\" aria-hidden=\"true\" class=\"wp-block-spacer\"><\/div>\n\n\n\n<p class=\"has-text-color has-link-color has-medium-font-size wp-elements-d2cc255551680067794ae2152b9f8816\" style=\"color:#e21077\">Valor pron\u00f3stico de la dilataci\u00f3n de la aur\u00edcula izquierda en la estenosis mitral\u00a0\u00a0<\/p>\n\n\n\n<p>La estenosis mitral limita el flujo de entrada durante la di\u00e1stole, invalidando los algoritmos ecocardiogr\u00e1ficos usados para valorar la disfunci\u00f3n diast\u00f3lica. Por ello, es necesario emplear par\u00e1metros alternativos que estimen los efectos del aumento de las presiones en la aur\u00edcula izquierda y sus implicaciones cl\u00ednicas.&nbsp;&nbsp;<\/p>\n\n\n\n<p>Un estudio con 237 pacientes con estenosis mitral moderada a grave revel\u00f3 que la dilataci\u00f3n del reservorio de la aur\u00edcula izquierda, con un valor de corte &lt;15,8 %, se asoci\u00f3 de forma independiente con un criterio compuesto de valoraci\u00f3n formado por mortalidad total, hospitalizaci\u00f3n por insuficiencia card\u00edaca e intervenciones valvulares (cociente de riesgos instant\u00e1neos [<em>hazard ratio<\/em>, HR] = 2,51; intervalo de confianza [IC] 95 %: 1,54-4,10), durante un seguimiento promedio de 4,54 a\u00f1os, mientras que otros par\u00e1metros como la tensi\u00f3n contr\u00e1ctil o el \u00edndice de volumen no tuvieron esta asociaci\u00f3n.&nbsp;&nbsp;<\/p>\n\n\n\n<div style=\"height:40px\" aria-hidden=\"true\" class=\"wp-block-spacer\"><\/div>\n\n\n\n<p class=\"has-text-color has-link-color wp-elements-3ac66aa188c7673e449aee998cc343a4\" style=\"color:#e21077;font-size:25px\">Aspectos destacados en resonancia magn\u00e9tica cardiovascular\u00a0<\/p>\n\n\n\n<p class=\"has-text-color has-link-color has-medium-font-size wp-elements-34af34f9c0000180fec32ae0a355d5fc\" style=\"color:#e21077\">Implicaciones cl\u00ednicas de la granularidad del realce tard\u00edo de gadolinio en pacientes con miocardiopat\u00eda hipertr\u00f3fica\u00a0<\/p>\n\n\n\n<p><strong>La presencia de realce tard\u00edo con gadolinio<\/strong> (RTG) se ha asociado con resultados cl\u00ednicos adversos en pacientes con miocardiopat\u00eda hipertr\u00f3fica (MCH). Un estudio con 2672 pacientes mostr\u00f3 que el 32 % presentaban RTG, el cual se asoci\u00f3 significativamente con mayor mortalidad total tras un seguimiento medio de 9 a\u00f1os. La extensi\u00f3n, localizaci\u00f3n y patr\u00f3n de la granularidad del RTG se asociaron de forma independiente con la mortalidad total. El modelo del RTG pormenorizado, que combin\u00f3 todos los factores independientes importantes del RTG, mejor\u00f3 significativamente la discriminaci\u00f3n y reclasificaci\u00f3n del riesgo en comparaci\u00f3n con los factores pron\u00f3sticos tradicionales.\u00a0\u00a0<\/p>\n\n\n\n<p class=\"has-text-align-center has-text-color has-link-color wp-elements-f92242f24e82cf583e9901d9df3c3004\" style=\"color:#e21077\"><em><em><em><em><em><em><em><em><em><em><em><em><em><em><em><em><em><em><em><em>Estos resultados apoyan el uso cl\u00ednico del an\u00e1lisis de la granularidad del RTG para estratificar mejor el riesgo en pacientes con MCH.\u00a0<\/em><\/em><\/em><\/em><\/em><\/em><\/em><\/em><\/em><\/em><\/em><\/em><\/em><\/em><\/em><\/em><\/em><\/em><\/em><\/em><\/p>\n\n\n\n<div style=\"height:40px\" aria-hidden=\"true\" class=\"wp-block-spacer\"><\/div>\n\n\n\n<p class=\"has-text-color has-link-color has-medium-font-size wp-elements-325d210ad01e99a4df47b05c3e2d4860\" style=\"color:#e21077\">La inteligencia artificial puede ayudar a identificar caracter\u00edsticas de la resonancia magn\u00e9tica cardiovascular relacionadas con mutaciones de miocardiopat\u00eda en portadores sin manifestaciones de la enfermedad\u00a0\u00a0<\/p>\n\n\n\n<p>En los portadores de mutaciones gen\u00e9ticas de MCH y de miocardiopat\u00eda dilatada (MCD), la aparici\u00f3n de la enfermedad es muy variable y algunas personas no experimentan ning\u00fan tipo de enfermedad.&nbsp;&nbsp;<\/p>\n\n\n\n<p>Un estudio de la universidad de Amsterdam analiz\u00f3 biomarcadores de RMC de MCH y MCD en personas sin manifestaciones cl\u00ednicas (154 personas con una mutaci\u00f3n para la MCH y 220 con una mutaci\u00f3n para la MCD). El portar mutaciones para MCH se asoci\u00f3 con cinco caracter\u00edsticas identificadas por RMC, tales como la fracci\u00f3n de eyecci\u00f3n de la aur\u00edcula derecha (raz\u00f3n de posibilidades [<em>odds ratio<\/em>, OR] 1,26; IC 95 % 1,10-1,45) y la fracci\u00f3n de eyecci\u00f3n del ventr\u00edculo derecho (OR 1,41; IC 95\u202f% 1,23-1,63). Por su parte, los portadores de mutaciones para MCD presentaron cuatro caracter\u00edsticas, tales como una la fracci\u00f3n de eyecci\u00f3n del ventr\u00edculo izquierdo (OR 0,72; IC 95\u202f% 0,62-0,84) y el volumen sist\u00f3lico del ventr\u00edculo derecho (OR 0,75; IC 95\u202f% 0,62-0,91).&nbsp;&nbsp;<\/p>\n\n\n\n<p class=\"has-text-align-center has-text-color has-link-color wp-elements-364c34e925b47de71ca8631d2b07f163\" style=\"color:#e21077\"><em><em><em><em><em><em><em><em><em><em><em><em><em><em><em><em><em><em><em><em><em>La combinaci\u00f3n de RMC con el an\u00e1lisis gen\u00f3mico permiti\u00f3 identificar estos biomarcadores en personas aparentemente sanas, lo cual tiene implicaciones significativas para la identificaci\u00f3n temprana y el seguimiento cl\u00ednico en individuos sin manifestaciones cl\u00ednicas.\u00a0\u00a0<\/em><\/em><\/em><\/em><\/em><\/em><\/em><\/em><\/em><\/em><\/em><\/em><\/em><\/em><\/em><\/em><\/em><\/em><\/em><\/em><\/em><\/p>\n\n\n\n<div style=\"height:40px\" aria-hidden=\"true\" class=\"wp-block-spacer\"><\/div>\n\n\n\n<p class=\"has-text-color has-link-color has-medium-font-size wp-elements-05a577f0709e3bf8f0f210d4ebceaa0b\" style=\"color:#e21077\">Persistencia de flujos protromb\u00f3ticos en la aur\u00edcula izquierda despu\u00e9s de la implantaci\u00f3n de una pr\u00f3tesis valvular a\u00f3rtica por estenosis a\u00f3rtica\u00a0\u00a0<\/p>\n\n\n\n<p>La estenosis a\u00f3rtica grave (EAo) se asocia con el accidente cerebrovascular isqu\u00e9mico independientemente de la fibrilaci\u00f3n auricular, y el riesgo de ictus es elevado incluso despu\u00e9s de la implantaci\u00f3n satisfactoria de una pr\u00f3tesis valvular a\u00f3rtica.&nbsp;&nbsp;<\/p>\n\n\n\n<p>Un estudio valor\u00f3 si la EAo conduc\u00eda a cambios en el flujo protromb\u00f3tico de la aur\u00edcula izquierda, con reducci\u00f3n de las velocidades y vorticidad, que podr\u00edan no retornar a la normalidad tras la implantaci\u00f3n de la pr\u00f3tesis valvular.&nbsp;&nbsp;<\/p>\n\n\n\n<p>Se observ\u00f3 que, en comparaci\u00f3n con los controles, los pacientes con EAo grave mostraban mayor masa del ventr\u00edculo izquierdo, menor volumen de la aur\u00edcula izquierda y el ventr\u00edculo izquierdo y una reducida deformaci\u00f3n longitudinal global. La fracci\u00f3n de eyecci\u00f3n de la aur\u00edcula izquierda no present\u00f3 diferencias entre ambos grupos, pero la EAo se asoci\u00f3 con un pico de velocidad ligeramente inferior y una vorticidad menor del flujo de la aur\u00edcula izquierda comparada con el grupo de control. La implantaci\u00f3n de una pr\u00f3tesis valvular a\u00f3rtica redujo la masa del ventr\u00edculo izquierdo, pero el resto de los citados par\u00e1metros persistieron.<\/p>\n\n\n\n<p class=\"has-text-align-center has-text-color has-link-color wp-elements-89da679cfb49454dcd21fa6fe9046636\" style=\"color:#e21077\"><em><em><em><em><em><em><em><em><em><em><em><em><em><em><em><em><em><em><em><em><em><em>Estos resultados iniciales abren el camino a nuevos campos de investigaci\u00f3n en la RMC de flujo 4D, mejorando potencialmente la estratificaci\u00f3n del riesgo de ictus independientemente de la fibrilaci\u00f3n auricular y la puntuaci\u00f3n CHADs-Vasc en pacientes con EAo.\u00a0<\/em><\/em><\/em><\/em><\/em><\/em><\/em><\/em><\/em><\/em><\/em><\/em><\/em><\/em><\/em><\/em><\/em><\/em><\/em><\/em><\/em><\/em><\/p>\n\n\n\n<div style=\"height:40px\" aria-hidden=\"true\" class=\"wp-block-spacer\"><\/div>\n\n\n\n<p class=\"has-text-color has-link-color wp-elements-6689f5c8af8ad4e46e90f64899d8db0a\" style=\"color:#e21077;font-size:25px\">Aspectos destacados en tomograf\u00eda computarizada card\u00edaca\u00a0<\/p>\n\n\n\n<p class=\"has-text-color has-link-color has-medium-font-size wp-elements-eb8642bc52efdf8f2f5fa54437cc00ac\" style=\"color:#e21077\">Inflamaci\u00f3n coronaria en pacientes sin coronariopat\u00eda arterial obstructiva\u00a0\u00a0<\/p>\n\n\n\n<p>Se evaluaron los valores pron\u00f3sticos de la inflamaci\u00f3n coronaria mediante el \u00edndice de atenuaci\u00f3n grasa (IAG) y un modelo predictivo basado en inteligencia artificial en pacientes sin coronariopat\u00eda arterial obstructiva en una angiograf\u00eda coronaria por TC (ACTC).\u00a0 El estudio mostr\u00f3 que la coronariopat\u00eda arterial no obstructiva representaba el 63,7 % de las muertes card\u00edacas, lo cual destac\u00f3 la necesidad de mejores herramientas de estratificaci\u00f3n del riesgo. Entre otros elementos, se observ\u00f3 que una puntuaci\u00f3n del IAG en la arteria descendente anterior izquierda en el cuartil superior aumentaba hasta 20 veces el riesgo de muerte card\u00edaca.\u00a0<\/p>\n\n\n\n<div style=\"height:40px\" aria-hidden=\"true\" class=\"wp-block-spacer\"><\/div>\n\n\n\n<p class=\"has-text-color has-link-color has-medium-font-size wp-elements-3271126bdac4e3fcda7c6b1c95ae7c26\" style=\"color:#e21077\">Inflamaci\u00f3n coronaria <em>post mortem<\/em>\u00a0<\/p>\n\n\n\n<p>Se realiz\u00f3 un estudio para comprender si los resultados obtenidos mediante una ACTC <em>post mortem<\/em> podr\u00edan ayudar a diferenciar las muertes coronarias de las no coronarias determinadas mediante autopsia.\u00a0\u00a0<\/p>\n\n\n\n<p class=\"has-text-align-center has-text-color has-link-color wp-elements-cfcc934ce2e196a6e73a7e7458b63694\" style=\"color:#e21077\"><em><em><em><em><em><em><em><em><em><em><em><em><em><em><em><em><em><em><em><em><em><em><em>Los autores concluyeron que este enfoque m\u00ednimamente invasivo de la ACTC post mortem ten\u00eda potencial para mejorar la precisi\u00f3n en el diagn\u00f3stico de la causa de la muerte.\u00a0<\/em><\/em><\/em><\/em><\/em><\/em><\/em><\/em><\/em><\/em><\/em><\/em><\/em><\/em><\/em><\/em><\/em><\/em><\/em><\/em><\/em><\/em><\/em><\/p>\n\n\n\n<div style=\"height:40px\" aria-hidden=\"true\" class=\"wp-block-spacer\"><\/div>\n\n\n\n<p class=\"has-text-color has-link-color has-medium-font-size wp-elements-55bd3427829fafef098d3ab82d6911f7\" style=\"color:#e21077\">Inhibidores del cotransportador de sodio y glucosa de tipo 2 y carga de la placa coronaria\u00a0\u00a0<\/p>\n\n\n\n<p>Un<strong> <\/strong>estudio investig\u00f3 si los inhibidores del cotransportador de sodio y glucosa de tipo 2 (iSGLT2) afectaban a la placa coronaria en los pacientes con diabetes de tipo 2 con angina de pecho que se sometieron a una ACTC seriada. Se descubri\u00f3 que, en pacientes que tomaban iSGLT2, el volumen de la placa no calcificada y de baja atenuaci\u00f3n disminu\u00eda, mientras que no ocurr\u00eda lo mismo en los pacientes emparejados que no tomaban iSGLT2, lo cual suger\u00eda que los iSGLT2 podr\u00edan producir una regresi\u00f3n de la placa coronaria y explicar alguno de los efectos cardioprotectores de estos medicamentos.&nbsp;&nbsp;<\/p>\n\n\n\n<div style=\"height:40px\" aria-hidden=\"true\" class=\"wp-block-spacer\"><\/div>\n\n\n\n<p class=\"has-text-color has-link-color has-medium-font-size wp-elements-35266925314d18c8a356adb684227610\" style=\"color:#e21077\">Nueva clasificaci\u00f3n morfol\u00f3gica de la orejuela de la aur\u00edcula izquierda y su impacto cl\u00ednico\u00a0<\/p>\n\n\n\n<p>La utilidad cl\u00ednica de las actuales clasificaciones morfol\u00f3gicas de la orejuela de la aur\u00edcula izquierda sigue siendo cuestionable.&nbsp;&nbsp;<\/p>\n\n\n\n<p>Un estudio busc\u00f3 identificar la relaci\u00f3n entre una nueva y sencilla aproximaci\u00f3n a la caracterizaci\u00f3n morfol\u00f3gica de la orejuela de la aur\u00edcula izquierda y el riesgo de eventos emb\u00f3licos. Se gener\u00f3 una impresi\u00f3n en 3D de 94 orejuelas a partir de datos de im\u00e1genes de TC cardiovasculares, y se clasificaron en 3 grupos seg\u00fan su morfolog\u00eda. En un an\u00e1lisis multivariable, la morfolog\u00eda de tipo \u00abpapel\u00bb se asoci\u00f3 con el riesgo de ictus cardioemb\u00f3lico.&nbsp;<\/p>\n\n\n\n<p class=\"has-text-align-center has-text-color has-link-color wp-elements-91bee34294f6244f50cac2fc607428a4\" style=\"color:#e21077\"><em><em><em><em><em><em><em><em><em><em><em><em><em><em><em><em><em><em><em><em><em><em><em><em>A medida que se ampl\u00eda el uso de la TC para evaluar la orejuela de la aur\u00edcula izquierda antes y despu\u00e9s del aislamiento de la vena pulmonar y el cierre de la orejuela, esta sencilla clasificaci\u00f3n puede mejorar la selecci\u00f3n de los pacientes con mayor riesgo de ictus para tratarlos de forma intensa y posiblemente cerrar la orejuela de la aur\u00edcula izquierda de forma precoz.\u00a0<\/em><\/em><\/em><\/em><\/em><\/em><\/em><\/em><\/em><\/em><\/em><\/em><\/em><\/em><\/em><\/em><\/em><\/em><\/em><\/em><\/em><\/em><\/em><\/em><\/p>\n\n\n\n<div style=\"height:40px\" aria-hidden=\"true\" class=\"wp-block-spacer\"><\/div>\n\n\n\n<p class=\"has-text-color has-link-color wp-elements-ec677bf77f8757a5337e045cb962f15e\" style=\"color:#e21077;font-size:25px\">Aspectos destacados en imagen nuclear card\u00edaca\u00a0<\/p>\n\n\n\n<p class=\"has-text-color has-link-color has-medium-font-size wp-elements-cf8dc08e3962f88664056eeae2d45d2a\" style=\"color:#e21077\">Im\u00e1genes de la inflamaci\u00f3n posinfarto\u00a0\u00a0<\/p>\n\n\n\n<p>Investigadores del Reino Unido evaluaron el papel de la tomograf\u00eda por emisi\u00f3n de positrones \/ resonancia magn\u00e9tica (PET\/RM) del receptor de la somatostatina de subtipo 2 utilizando <sup>68<\/sup>GaGa-DOTATATE despu\u00e9s de un infarto de miocardio. Los resultados (por ejemplo, que el valor m\u00e1ximo estandarizado de captaci\u00f3n era elevado en las \u00e1reas del IM y se correlacionaba con anomal\u00edas regionales del movimiento de la pared, el RTG y tiempos T1 por RM) arrojaron luz sobre el papel de la imagen de la inflamaci\u00f3n tras el infarto, lo que podr\u00eda guiar la inmunoterapia y la evaluaci\u00f3n de la viabilidad.\u00a0\u00a0<\/p>\n\n\n\n<div style=\"height:40px\" aria-hidden=\"true\" class=\"wp-block-spacer\"><\/div>\n\n\n\n<p class=\"has-text-color has-link-color has-medium-font-size wp-elements-a4ae67bf5add0aa0cce56ed8a850ef02\" style=\"color:#e21077\">Diagn\u00f3stico de INOCA mediante tomograf\u00eda por emisi\u00f3n de positrones con <sup>13<\/sup>N-amoniaco\u00a0<\/p>\n\n\n\n<p>Un estudio demostr\u00f3 que se puede utilizar la PET con NH3 para identificar y predecir resultados de pacientes con isquemia con coronarias no obstruidas.\u00a0<\/p>\n\n\n\n<div style=\"height:40px\" aria-hidden=\"true\" class=\"wp-block-spacer\"><\/div>\n\n\n\n<p class=\"has-text-color has-link-color has-medium-font-size wp-elements-0a415e1018480c9285b06fc138a8d7c9\" style=\"color:#e21077\">Diferencias por sexo en la actividad de la placa coronaria mediante tomograf\u00eda por emisi\u00f3n de positrones \/ tomograf\u00eda computarizada con <sup>18<\/sup>F-NaF\u00a0\u00a0<\/p>\n\n\n\n<p>Un estudio compar\u00f3<strong> <\/strong>las caracter\u00edsticas de la placa en una amplia cohorte de pacientes con ateroesclerosis coronaria a quienes se realiz\u00f3 una angiograf\u00eda <sup>18<\/sup>F-NaF PET TC. Las mujeres representaban \u00fanicamente el 15\u202f% de la cohorte. Hallaron que las mujeres presentaban valores de calcio coronario y una actividad de microcalcificaci\u00f3n coronaria m\u00e1s bajos. No obstante, despu\u00e9s de ajustar los valores de calcio coronario en funci\u00f3n de las comorbilidades cl\u00ednicas, no se encontraron diferencias en la actividad de microcalcificaci\u00f3n coronaria en relaci\u00f3n con el sexo. Los autores concluyeron que, aunque los hombres presentan una mayor calcificaci\u00f3n coronaria, no hay diferencias en la actividad de la placa entre hombres y mujeres, y que esta \u00faltima es un predictor m\u00e1s potente de un futuro infarto de miocardio, con independencia del sexo.\u00a0<\/p>\n\n\n\n<div style=\"height:40px\" aria-hidden=\"true\" class=\"wp-block-spacer\"><\/div>\n\n\n\n<p><strong>Disponible en:<\/strong> <a href=\"https:\/\/pmc.ncbi.nlm.nih.gov\/articles\/PMC11795670\/pdf\/qyaf009.pdf\" target=\"_blank\" rel=\"noreferrer noopener\">https:\/\/pmc.ncbi.nlm.nih.gov\/articles\/PMC11795670\/pdf\/qyaf009.pdf<\/a>\u00a0<\/p>\n\n\n\n<div style=\"height:40px\" aria-hidden=\"true\" class=\"wp-block-spacer\"><\/div>\n\n\n\n<p class=\"has-text-align-center\">Este contenido estar\u00e1 disponible hasta el\u00a0<strong>4 de\u00a0marzo de\u00a02030<\/strong>.<\/p>\n","protected":false},"excerpt":{"rendered":"<p>Figliozzi S, Hutt E, Gimelli A, Jaber WA. Cardiac imaging highlights from European Society of Cardiology 2024: the future is within our grasp! Eur Heart J Imaging Methods Pract. 2025;3(1):qyaf009. Puntos clave: Este art\u00edculo ofrece los aspectos clave recogidos en el congreso de la Sociedad Europea de Cardiolog\u00eda celebrado en 2024, en cuanto a novedades [&hellip;]<\/p>\n","protected":false},"author":120,"featured_media":26348,"parent":0,"menu_order":0,"template":"","meta":{"_acf_changed":true},"tags":[],"news_categories":[214],"class_list":["post-26082","news","type-news","status-publish","has-post-thumbnail","hentry","news_categories-cardiologia"],"acf":[],"yoast_head":"<!-- This site is optimized with the Yoast SEO Premium plugin v20.11 (Yoast SEO v26.6) - https:\/\/yoast.com\/wordpress\/plugins\/seo\/ -->\n<title>Aspectos destacados en imagen card\u00edaca del congreso de la Sociedad Europea de Cardiolog\u00eda 2024: \u00a1el futuro est\u00e1 a nuestro alcance! - Organon Pro - Espa\u00f1a<\/title>\n<meta name=\"description\" content=\"Actual\u00edzate en unos minutos sobre los aspectos destacados en imagen cardiaca del congreso de la Sociedad Europea de Cardiolog\u00eda 2024\" \/>\n<meta name=\"robots\" content=\"noindex, follow\" \/>\n<meta property=\"og:locale\" content=\"en_US\" \/>\n<meta property=\"og:type\" content=\"article\" \/>\n<meta property=\"og:title\" content=\"Aspectos destacados en imagen card\u00edaca del congreso de la Sociedad Europea de Cardiolog\u00eda 2024: \u00a1el futuro est\u00e1 a nuestro alcance!\" \/>\n<meta property=\"og:description\" content=\"Actual\u00edzate en unos minutos sobre los aspectos destacados en imagen cardiaca del congreso de la Sociedad Europea de Cardiolog\u00eda 2024\" \/>\n<meta property=\"og:url\" content=\"https:\/\/organonpro.com\/es-es\/news\/aspectos-destacados-imagen-cardiaca-del-congreso-sociedad-europea-cardiologia-2024\/\" \/>\n<meta property=\"og:site_name\" content=\"Organon Pro - Espa\u00f1a\" \/>\n<meta property=\"article:publisher\" content=\"https:\/\/www.facebook.com\/OrganonandCo\" \/>\n<meta property=\"article:modified_time\" content=\"2026-01-27T10:58:42+00:00\" \/>\n<meta property=\"og:image\" content=\"https:\/\/organonpro.com\/es-es\/wp-content\/uploads\/sites\/11\/2025\/03\/resumen-congreso-sec.jpg\" \/>\n\t<meta property=\"og:image:width\" content=\"1200\" \/>\n\t<meta property=\"og:image:height\" content=\"676\" \/>\n\t<meta property=\"og:image:type\" content=\"image\/jpeg\" \/>\n<meta name=\"twitter:card\" content=\"summary_large_image\" \/>\n<meta name=\"twitter:site\" content=\"@OrganonLLC\" \/>\n<meta name=\"twitter:label1\" content=\"Est. reading time\" \/>\n\t<meta name=\"twitter:data1\" content=\"9 minutes\" \/>\n<script type=\"application\/ld+json\" class=\"yoast-schema-graph\">{\"@context\":\"https:\/\/schema.org\",\"@graph\":[{\"@type\":\"WebPage\",\"@id\":\"https:\/\/organonpro.com\/es-es\/news\/aspectos-destacados-imagen-cardiaca-del-congreso-sociedad-europea-cardiologia-2024\/\",\"url\":\"https:\/\/organonpro.com\/es-es\/news\/aspectos-destacados-imagen-cardiaca-del-congreso-sociedad-europea-cardiologia-2024\/\",\"name\":\"Aspectos destacados en imagen card\u00edaca del congreso de la Sociedad Europea de Cardiolog\u00eda 2024: \u00a1el futuro est\u00e1 a nuestro alcance! - Organon Pro - Espa\u00f1a\",\"isPartOf\":{\"@id\":\"https:\/\/organonpro.com\/es-es\/#website\"},\"primaryImageOfPage\":{\"@id\":\"https:\/\/organonpro.com\/es-es\/news\/aspectos-destacados-imagen-cardiaca-del-congreso-sociedad-europea-cardiologia-2024\/#primaryimage\"},\"image\":{\"@id\":\"https:\/\/organonpro.com\/es-es\/news\/aspectos-destacados-imagen-cardiaca-del-congreso-sociedad-europea-cardiologia-2024\/#primaryimage\"},\"thumbnailUrl\":\"https:\/\/organonpro.com\/es-es\/wp-content\/uploads\/sites\/11\/2025\/03\/resumen-congreso-sec.jpg\",\"datePublished\":\"2025-03-31T07:50:00+00:00\",\"dateModified\":\"2026-01-27T10:58:42+00:00\",\"description\":\"Actual\u00edzate en unos minutos sobre los aspectos destacados en imagen cardiaca del congreso de la Sociedad Europea de Cardiolog\u00eda 2024\",\"breadcrumb\":{\"@id\":\"https:\/\/organonpro.com\/es-es\/news\/aspectos-destacados-imagen-cardiaca-del-congreso-sociedad-europea-cardiologia-2024\/#breadcrumb\"},\"inLanguage\":\"en-US\",\"potentialAction\":[{\"@type\":\"ReadAction\",\"target\":[\"https:\/\/organonpro.com\/es-es\/news\/aspectos-destacados-imagen-cardiaca-del-congreso-sociedad-europea-cardiologia-2024\/\"]}]},{\"@type\":\"ImageObject\",\"inLanguage\":\"en-US\",\"@id\":\"https:\/\/organonpro.com\/es-es\/news\/aspectos-destacados-imagen-cardiaca-del-congreso-sociedad-europea-cardiologia-2024\/#primaryimage\",\"url\":\"https:\/\/organonpro.com\/es-es\/wp-content\/uploads\/sites\/11\/2025\/03\/resumen-congreso-sec.jpg\",\"contentUrl\":\"https:\/\/organonpro.com\/es-es\/wp-content\/uploads\/sites\/11\/2025\/03\/resumen-congreso-sec.jpg\",\"width\":1200,\"height\":676,\"caption\":\"Aspectos destacados en imagen card\u00edaca del congreso de la Sociedad Europea de Cardiolog\u00eda 2024\"},{\"@type\":\"BreadcrumbList\",\"@id\":\"https:\/\/organonpro.com\/es-es\/news\/aspectos-destacados-imagen-cardiaca-del-congreso-sociedad-europea-cardiologia-2024\/#breadcrumb\",\"itemListElement\":[{\"@type\":\"ListItem\",\"position\":1,\"name\":\"Home\",\"item\":\"https:\/\/organonpro.com\/es-es\/\"},{\"@type\":\"ListItem\",\"position\":2,\"name\":\"News\",\"item\":\"https:\/\/organonpro.com\/es-es\/news\/\"},{\"@type\":\"ListItem\",\"position\":3,\"name\":\"Aspectos destacados en imagen card\u00edaca del congreso de la Sociedad Europea de Cardiolog\u00eda 2024: \u00a1el futuro est\u00e1 a nuestro alcance!\"}]},{\"@type\":\"WebSite\",\"@id\":\"https:\/\/organonpro.com\/es-es\/#website\",\"url\":\"https:\/\/organonpro.com\/es-es\/\",\"name\":\"Organon Pro - Espa\u00f1a\",\"description\":\"Organon Pro - Espa\u00f1a\",\"publisher\":{\"@id\":\"https:\/\/organonpro.com\/es-es\/#organization\"},\"potentialAction\":[{\"@type\":\"SearchAction\",\"target\":{\"@type\":\"EntryPoint\",\"urlTemplate\":\"https:\/\/organonpro.com\/es-es\/?s={search_term_string}\"},\"query-input\":{\"@type\":\"PropertyValueSpecification\",\"valueRequired\":true,\"valueName\":\"search_term_string\"}}],\"inLanguage\":\"en-US\"},{\"@type\":\"Organization\",\"@id\":\"https:\/\/organonpro.com\/es-es\/#organization\",\"name\":\"Organon Pro - Espa\u00f1a\",\"url\":\"https:\/\/organonpro.com\/es-es\/\",\"logo\":{\"@type\":\"ImageObject\",\"inLanguage\":\"en-US\",\"@id\":\"https:\/\/organonpro.com\/es-es\/#\/schema\/logo\/image\/\",\"url\":\"https:\/\/organonpro.com\/es-es\/wp-content\/uploads\/sites\/11\/2023\/08\/organon-pro-1.webp\",\"contentUrl\":\"https:\/\/organonpro.com\/es-es\/wp-content\/uploads\/sites\/11\/2023\/08\/organon-pro-1.webp\",\"width\":2269,\"height\":243,\"caption\":\"Organon Pro - Espa\u00f1a\"},\"image\":{\"@id\":\"https:\/\/organonpro.com\/es-es\/#\/schema\/logo\/image\/\"},\"sameAs\":[\"https:\/\/www.facebook.com\/OrganonandCo\",\"https:\/\/x.com\/OrganonLLC\"]}]}<\/script>\n<!-- \/ Yoast SEO Premium plugin. -->","yoast_head_json":{"title":"Aspectos destacados en imagen card\u00edaca del congreso de la Sociedad Europea de Cardiolog\u00eda 2024: \u00a1el futuro est\u00e1 a nuestro alcance! - Organon Pro - Espa\u00f1a","description":"Actual\u00edzate en unos minutos sobre los aspectos destacados en imagen cardiaca del congreso de la Sociedad Europea de Cardiolog\u00eda 2024","robots":{"index":"noindex","follow":"follow"},"og_locale":"en_US","og_type":"article","og_title":"Aspectos destacados en imagen card\u00edaca del congreso de la Sociedad Europea de Cardiolog\u00eda 2024: \u00a1el futuro est\u00e1 a nuestro alcance!","og_description":"Actual\u00edzate en unos minutos sobre los aspectos destacados en imagen cardiaca del congreso de la Sociedad Europea de Cardiolog\u00eda 2024","og_url":"https:\/\/organonpro.com\/es-es\/news\/aspectos-destacados-imagen-cardiaca-del-congreso-sociedad-europea-cardiologia-2024\/","og_site_name":"Organon Pro - Espa\u00f1a","article_publisher":"https:\/\/www.facebook.com\/OrganonandCo","article_modified_time":"2026-01-27T10:58:42+00:00","og_image":[{"width":1200,"height":676,"url":"https:\/\/organonpro.com\/es-es\/wp-content\/uploads\/sites\/11\/2025\/03\/resumen-congreso-sec.jpg","type":"image\/jpeg"}],"twitter_card":"summary_large_image","twitter_site":"@OrganonLLC","twitter_misc":{"Est. reading time":"9 minutes"},"schema":{"@context":"https:\/\/schema.org","@graph":[{"@type":"WebPage","@id":"https:\/\/organonpro.com\/es-es\/news\/aspectos-destacados-imagen-cardiaca-del-congreso-sociedad-europea-cardiologia-2024\/","url":"https:\/\/organonpro.com\/es-es\/news\/aspectos-destacados-imagen-cardiaca-del-congreso-sociedad-europea-cardiologia-2024\/","name":"Aspectos destacados en imagen card\u00edaca del congreso de la Sociedad Europea de Cardiolog\u00eda 2024: \u00a1el futuro est\u00e1 a nuestro alcance! - Organon Pro - Espa\u00f1a","isPartOf":{"@id":"https:\/\/organonpro.com\/es-es\/#website"},"primaryImageOfPage":{"@id":"https:\/\/organonpro.com\/es-es\/news\/aspectos-destacados-imagen-cardiaca-del-congreso-sociedad-europea-cardiologia-2024\/#primaryimage"},"image":{"@id":"https:\/\/organonpro.com\/es-es\/news\/aspectos-destacados-imagen-cardiaca-del-congreso-sociedad-europea-cardiologia-2024\/#primaryimage"},"thumbnailUrl":"https:\/\/organonpro.com\/es-es\/wp-content\/uploads\/sites\/11\/2025\/03\/resumen-congreso-sec.jpg","datePublished":"2025-03-31T07:50:00+00:00","dateModified":"2026-01-27T10:58:42+00:00","description":"Actual\u00edzate en unos minutos sobre los aspectos destacados en imagen cardiaca del congreso de la Sociedad Europea de Cardiolog\u00eda 2024","breadcrumb":{"@id":"https:\/\/organonpro.com\/es-es\/news\/aspectos-destacados-imagen-cardiaca-del-congreso-sociedad-europea-cardiologia-2024\/#breadcrumb"},"inLanguage":"en-US","potentialAction":[{"@type":"ReadAction","target":["https:\/\/organonpro.com\/es-es\/news\/aspectos-destacados-imagen-cardiaca-del-congreso-sociedad-europea-cardiologia-2024\/"]}]},{"@type":"ImageObject","inLanguage":"en-US","@id":"https:\/\/organonpro.com\/es-es\/news\/aspectos-destacados-imagen-cardiaca-del-congreso-sociedad-europea-cardiologia-2024\/#primaryimage","url":"https:\/\/organonpro.com\/es-es\/wp-content\/uploads\/sites\/11\/2025\/03\/resumen-congreso-sec.jpg","contentUrl":"https:\/\/organonpro.com\/es-es\/wp-content\/uploads\/sites\/11\/2025\/03\/resumen-congreso-sec.jpg","width":1200,"height":676,"caption":"Aspectos destacados en imagen card\u00edaca del congreso de la Sociedad Europea de Cardiolog\u00eda 2024"},{"@type":"BreadcrumbList","@id":"https:\/\/organonpro.com\/es-es\/news\/aspectos-destacados-imagen-cardiaca-del-congreso-sociedad-europea-cardiologia-2024\/#breadcrumb","itemListElement":[{"@type":"ListItem","position":1,"name":"Home","item":"https:\/\/organonpro.com\/es-es\/"},{"@type":"ListItem","position":2,"name":"News","item":"https:\/\/organonpro.com\/es-es\/news\/"},{"@type":"ListItem","position":3,"name":"Aspectos destacados en imagen card\u00edaca del congreso de la Sociedad Europea de Cardiolog\u00eda 2024: \u00a1el futuro est\u00e1 a nuestro alcance!"}]},{"@type":"WebSite","@id":"https:\/\/organonpro.com\/es-es\/#website","url":"https:\/\/organonpro.com\/es-es\/","name":"Organon Pro - Espa\u00f1a","description":"Organon Pro - Espa\u00f1a","publisher":{"@id":"https:\/\/organonpro.com\/es-es\/#organization"},"potentialAction":[{"@type":"SearchAction","target":{"@type":"EntryPoint","urlTemplate":"https:\/\/organonpro.com\/es-es\/?s={search_term_string}"},"query-input":{"@type":"PropertyValueSpecification","valueRequired":true,"valueName":"search_term_string"}}],"inLanguage":"en-US"},{"@type":"Organization","@id":"https:\/\/organonpro.com\/es-es\/#organization","name":"Organon Pro - Espa\u00f1a","url":"https:\/\/organonpro.com\/es-es\/","logo":{"@type":"ImageObject","inLanguage":"en-US","@id":"https:\/\/organonpro.com\/es-es\/#\/schema\/logo\/image\/","url":"https:\/\/organonpro.com\/es-es\/wp-content\/uploads\/sites\/11\/2023\/08\/organon-pro-1.webp","contentUrl":"https:\/\/organonpro.com\/es-es\/wp-content\/uploads\/sites\/11\/2023\/08\/organon-pro-1.webp","width":2269,"height":243,"caption":"Organon Pro - Espa\u00f1a"},"image":{"@id":"https:\/\/organonpro.com\/es-es\/#\/schema\/logo\/image\/"},"sameAs":["https:\/\/www.facebook.com\/OrganonandCo","https:\/\/x.com\/OrganonLLC"]}]}},"jetpack_sharing_enabled":true,"_links":{"self":[{"href":"https:\/\/organonpro.com\/es-es\/wp-json\/wp\/v2\/news\/26082","targetHints":{"allow":["GET"]}}],"collection":[{"href":"https:\/\/organonpro.com\/es-es\/wp-json\/wp\/v2\/news"}],"about":[{"href":"https:\/\/organonpro.com\/es-es\/wp-json\/wp\/v2\/types\/news"}],"author":[{"embeddable":true,"href":"https:\/\/organonpro.com\/es-es\/wp-json\/wp\/v2\/users\/120"}],"wp:featuredmedia":[{"embeddable":true,"href":"https:\/\/organonpro.com\/es-es\/wp-json\/wp\/v2\/media\/26348"}],"wp:attachment":[{"href":"https:\/\/organonpro.com\/es-es\/wp-json\/wp\/v2\/media?parent=26082"}],"wp:term":[{"taxonomy":"post_tag","embeddable":true,"href":"https:\/\/organonpro.com\/es-es\/wp-json\/wp\/v2\/tags?post=26082"},{"taxonomy":"news_categories","embeddable":true,"href":"https:\/\/organonpro.com\/es-es\/wp-json\/wp\/v2\/news_categories?post=26082"}],"curies":[{"name":"wp","href":"https:\/\/api.w.org\/{rel}","templated":true}]}}