{"id":21680,"date":"2024-08-01T09:55:12","date_gmt":"2024-08-01T09:55:12","guid":{"rendered":"https:\/\/organonpro.com\/es-es\/?post_type=news&#038;p=21680"},"modified":"2026-01-27T14:16:10","modified_gmt":"2026-01-27T14:16:10","slug":"esquizofrenia-y-depresion-relacion-con-el-sistema-endocannabinoide","status":"publish","type":"news","link":"https:\/\/organonpro.com\/es-es\/news\/esquizofrenia-y-depresion-relacion-con-el-sistema-endocannabinoide\/","title":{"rendered":"Esquizofrenia y depresi\u00f3n: relaci\u00f3n con el sistema endocannabinoide"},"content":{"rendered":"\n<p><em>Resumen del estudio realizado por Rodr\u00edguez-Mu\u00f1oz et al. en 2017 &#8220;Schizophrenia and depression, two poles of endocannabinoid system deregulation&#8221;, publicado por la revista Translational Psychiatry en el a\u00f1o 2017.<\/em><\/p>\n\n\n\n<div style=\"height:40px\" class=\"wp-block-spacer\"><\/div>\n\n\n\n<p class=\"has-medium-font-size\"><strong>Objetivo<\/strong><\/p>\n\n\n\n<p>Este estudio se dise\u00f1\u00f3 con el objetivo de evaluar las <strong>alteraciones moleculares en la esquizofrenia y depresi\u00f3n<\/strong> y la interacci\u00f3n que hay entre las prote\u00ednas GPCRs y NMDAs en estas dos enfermedades. Los autores realizaron un estudio comparativo post mortem del c\u00f3rtex prefrontal (\u00e1rea 9 de Brodmann) de 24 pacientes esquizofr\u00e9nicos, 24 depresivos y 24 controles. Las muestras de tejido fueron seleccionadas para que no hubiera diferencias en par\u00e1metros como la edad media, el tiempo post mortem del an\u00e1lisis o el tiempo de almacenaje de la muestra<sup>1<\/sup>.<\/p>\n\n\n\n<p>La hip\u00f3tesis establecida dispone que las <strong>alteraciones en las subunidades NR1-C1 y en las prote\u00ednas HINT1\/\u03c31R<\/strong> son consecuencia de disfunciones en los endocannabinoides\/CB1R, lo que posteriormente afecta a la regulaci\u00f3n cruzada entre los NMDARs y ciertos GPCRs. De esta forma, <strong>estas alteraciones<\/strong>, en conjunto con otras anomal\u00edas, <strong>pueden contribuir a estos des\u00f3rdenes mentales o promover tales enfermedades<\/strong> en un subconjunto de pacientes afectados por un sistema endocannabinoide desregulado<sup>1<\/sup>.<\/p>\n\n\n\n<div style=\"height:40px\" class=\"wp-block-spacer\"><\/div>\n\n\n\n<p><strong>Resultados<\/strong><\/p>\n\n\n\n<p><strong>A continuaci\u00f3n, se exponen algunos de los hallazgos del estudio,<\/strong> en cuanto a la expresi\u00f3n relativa en pacientes con esquizofrenia y depresi\u00f3n, respecto al control (valor de 1), de los receptores antes mencionados<sup>1<\/sup>:<\/p>\n\n\n\n<div style=\"height:20px\" class=\"wp-block-spacer\"><\/div>\n\n\n\n<ol style=\"background-color:#e20177\" class=\"wp-block-list has-white-color has-text-color has-background\">\n<li>No se encontraron diferencias significativas en los niveles de \u03c31R; sin embargo, los datos confirmaron que los niveles de HINT1 son m\u00e1s bajos en los pacientes con esquizofrenia y m\u00e1s altos en los pacientes con depresi\u00f3n.<sup>1<\/sup><\/li>\n\n\n\n<li>La actividad de NMDAR y las subunidades NR1 C1 aumenta en los pacientes con depresi\u00f3n y disminuye en los pacientes con esquizofrenia.<sup>1<\/sup><\/li>\n<\/ol>\n\n\n\n<div style=\"height:20px\" class=\"wp-block-spacer\"><\/div>\n\n\n\n<p>Este estudio revel\u00f3 que, en la corteza prefrontal, los <strong>niveles de una serie de prote\u00ednas<\/strong> de se\u00f1alizaci\u00f3n que intervienen en la<strong> regulaci\u00f3n cruzada entre los GPCRs y los NMDARs<\/strong>, estaban <strong>disminuidos en pacientes esquizofr\u00e9nicos, pero aumentados en pacientes con depresi\u00f3n<sup>1<\/sup><\/strong> . De esta forma, el presente estudio ofrece perspectivas sobre el an\u00e1lisis y la comprensi\u00f3n de las alteraciones moleculares que causan estas enfermedades y pone de relieve la relevancia de las interacciones entre los GPCRs y NMDARs bajo el control de endocannabinoides en el mantenimiento de lo que se considera un estado de \u00e1nimo normal<sup>1<\/sup>.<\/p>\n\n\n\n<p>As\u00ed pues, las intervenciones farmacol\u00f3gicas dirigidas al sistema endocannabinoide pueden ser de inter\u00e9s terap\u00e9utico. <strong>La estimulaci\u00f3n del sistema endocannabinoide podr\u00eda mejorar los s\u00edntomas depresivos, y el tratamiento con antagonistas reducir los de la esquizofrenia<sup>1<\/sup>.<\/strong><\/p>\n\n\n\n<div style=\"height:40px\" class=\"wp-block-spacer\"><\/div>\n\n\n\n<p><strong style=\"font-size: 22px\">Bibliograf\u00eda<\/strong><span style=\"font-size: 22px\">:<\/span><\/p>\n\n\n\n<ol class=\"wp-block-list\">\n<li>Rodr\u00edguez-Mu\u00f1oz M, Sanchez-Bl\u00e1zquez P, Callado L Meana J, Garz\u00f3n-Nino J. Schizophrenia and depression, two poles of endocannabinoid system deregulation. Transl. Psychiatry. 2017 Dec 18;7(12):1291.<\/li>\n<\/ol>\n\n\n\n<div style=\"height:40px\" class=\"wp-block-spacer\"><\/div>\n\n\n\n<h3 class=\"wp-block-heading has-text-align-center\" id=\"h-esquizofrenia-y-depresion-relacion-con-el-sistema-endocannabinoide\">Esquizofrenia y depresi\u00f3n: relaci\u00f3n con el sistema endocannabinoide<\/h3>\n\n\n\n<div class=\"wp-block-buttons is-content-justification-center is-layout-flex wp-container-core-buttons-is-layout-16018d1d wp-block-buttons-is-layout-flex\">\n<div class=\"wp-block-button\"><a class=\"wp-block-button__link has-text-align-center wp-element-button\" href=\"https:\/\/organonpro.com\/es-es\/esquizofreniaydepresion\/\" target=\"_blank\" rel=\"noreferrer noopener\">Descargar<\/a><\/div>\n<\/div>\n\n\n\n<div style=\"height:40px\" class=\"wp-block-spacer\"><\/div>\n\n\n\n<p><strong>Recuerda:&nbsp;<\/strong>este contenido estar\u00e1 disponible hasta el<strong>&nbsp;3&nbsp;de&nbsp;julio de&nbsp;2029.&nbsp;<\/strong><\/p>\n","protected":false},"excerpt":{"rendered":"<p>Resumen del estudio realizado por Rodr\u00edguez-Mu\u00f1oz et al. en 2017 &#8220;Schizophrenia and depression, two poles of endocannabinoid system deregulation&#8221;, publicado por la revista Translational Psychiatry en el a\u00f1o 2017. Objetivo Este estudio se dise\u00f1\u00f3 con el objetivo de evaluar las alteraciones moleculares en la esquizofrenia y depresi\u00f3n y la interacci\u00f3n que hay entre las prote\u00ednas [&hellip;]<\/p>\n","protected":false},"author":120,"featured_media":14969,"parent":0,"menu_order":0,"template":"","meta":{"_acf_changed":false},"tags":[],"news_categories":[208,204],"class_list":["post-21680","news","type-news","status-publish","has-post-thumbnail","hentry","news_categories-neurologia","news_categories-psiquiatria"],"acf":[],"yoast_head":"<!-- This site is optimized with the Yoast SEO Premium plugin v20.11 (Yoast SEO v26.6) - https:\/\/yoast.com\/wordpress\/plugins\/seo\/ -->\n<title>Esquizofrenia y depresi\u00f3n: relaci\u00f3n con el sistema endocannabinoide - Organon Pro - Espa\u00f1a<\/title>\n<meta name=\"robots\" content=\"noindex, follow\" \/>\n<meta property=\"og:locale\" content=\"en_US\" \/>\n<meta property=\"og:type\" content=\"article\" \/>\n<meta property=\"og:title\" content=\"Esquizofrenia y depresi\u00f3n: relaci\u00f3n con el sistema endocannabinoide\" \/>\n<meta property=\"og:description\" content=\"Resumen del estudio realizado por Rodr\u00edguez-Mu\u00f1oz et al. en 2017 &#8220;Schizophrenia and depression, two poles of endocannabinoid system deregulation&#8221;, publicado por la revista Translational Psychiatry en el a\u00f1o 2017. Objetivo Este estudio se dise\u00f1\u00f3 con el objetivo de evaluar las alteraciones moleculares en la esquizofrenia y depresi\u00f3n y la interacci\u00f3n que hay entre las prote\u00ednas [&hellip;]\" \/>\n<meta property=\"og:url\" content=\"https:\/\/organonpro.com\/es-es\/news\/esquizofrenia-y-depresion-relacion-con-el-sistema-endocannabinoide\/\" \/>\n<meta property=\"og:site_name\" content=\"Organon Pro - Espa\u00f1a\" \/>\n<meta property=\"article:publisher\" content=\"https:\/\/www.facebook.com\/OrganonandCo\" \/>\n<meta property=\"article:modified_time\" content=\"2026-01-27T14:16:10+00:00\" \/>\n<meta property=\"og:image\" content=\"https:\/\/organonpro.com\/es-es\/wp-content\/uploads\/sites\/11\/2023\/08\/esquizofreniaYdepresionThumbnail.png\" \/>\n\t<meta property=\"og:image:width\" content=\"1200\" \/>\n\t<meta property=\"og:image:height\" content=\"676\" \/>\n\t<meta property=\"og:image:type\" content=\"image\/png\" \/>\n<meta name=\"twitter:card\" content=\"summary_large_image\" \/>\n<meta name=\"twitter:site\" content=\"@OrganonLLC\" \/>\n<meta name=\"twitter:label1\" content=\"Est. reading time\" \/>\n\t<meta name=\"twitter:data1\" content=\"3 minutes\" \/>\n<script type=\"application\/ld+json\" class=\"yoast-schema-graph\">{\"@context\":\"https:\/\/schema.org\",\"@graph\":[{\"@type\":\"WebPage\",\"@id\":\"https:\/\/organonpro.com\/es-es\/news\/esquizofrenia-y-depresion-relacion-con-el-sistema-endocannabinoide\/\",\"url\":\"https:\/\/organonpro.com\/es-es\/news\/esquizofrenia-y-depresion-relacion-con-el-sistema-endocannabinoide\/\",\"name\":\"Esquizofrenia y depresi\u00f3n: relaci\u00f3n con el sistema endocannabinoide - Organon Pro - Espa\u00f1a\",\"isPartOf\":{\"@id\":\"https:\/\/organonpro.com\/es-es\/#website\"},\"primaryImageOfPage\":{\"@id\":\"https:\/\/organonpro.com\/es-es\/news\/esquizofrenia-y-depresion-relacion-con-el-sistema-endocannabinoide\/#primaryimage\"},\"image\":{\"@id\":\"https:\/\/organonpro.com\/es-es\/news\/esquizofrenia-y-depresion-relacion-con-el-sistema-endocannabinoide\/#primaryimage\"},\"thumbnailUrl\":\"https:\/\/organonpro.com\/es-es\/wp-content\/uploads\/sites\/11\/2023\/08\/esquizofreniaYdepresionThumbnail.png\",\"datePublished\":\"2024-08-01T09:55:12+00:00\",\"dateModified\":\"2026-01-27T14:16:10+00:00\",\"breadcrumb\":{\"@id\":\"https:\/\/organonpro.com\/es-es\/news\/esquizofrenia-y-depresion-relacion-con-el-sistema-endocannabinoide\/#breadcrumb\"},\"inLanguage\":\"en-US\",\"potentialAction\":[{\"@type\":\"ReadAction\",\"target\":[\"https:\/\/organonpro.com\/es-es\/news\/esquizofrenia-y-depresion-relacion-con-el-sistema-endocannabinoide\/\"]}]},{\"@type\":\"ImageObject\",\"inLanguage\":\"en-US\",\"@id\":\"https:\/\/organonpro.com\/es-es\/news\/esquizofrenia-y-depresion-relacion-con-el-sistema-endocannabinoide\/#primaryimage\",\"url\":\"https:\/\/organonpro.com\/es-es\/wp-content\/uploads\/sites\/11\/2023\/08\/esquizofreniaYdepresionThumbnail.png\",\"contentUrl\":\"https:\/\/organonpro.com\/es-es\/wp-content\/uploads\/sites\/11\/2023\/08\/esquizofreniaYdepresionThumbnail.png\",\"width\":1200,\"height\":676},{\"@type\":\"BreadcrumbList\",\"@id\":\"https:\/\/organonpro.com\/es-es\/news\/esquizofrenia-y-depresion-relacion-con-el-sistema-endocannabinoide\/#breadcrumb\",\"itemListElement\":[{\"@type\":\"ListItem\",\"position\":1,\"name\":\"Home\",\"item\":\"https:\/\/organonpro.com\/es-es\/\"},{\"@type\":\"ListItem\",\"position\":2,\"name\":\"News\",\"item\":\"https:\/\/organonpro.com\/es-es\/news\/\"},{\"@type\":\"ListItem\",\"position\":3,\"name\":\"Esquizofrenia y depresi\u00f3n: relaci\u00f3n con el sistema endocannabinoide\"}]},{\"@type\":\"WebSite\",\"@id\":\"https:\/\/organonpro.com\/es-es\/#website\",\"url\":\"https:\/\/organonpro.com\/es-es\/\",\"name\":\"Organon Pro - Espa\u00f1a\",\"description\":\"Organon Pro - Espa\u00f1a\",\"publisher\":{\"@id\":\"https:\/\/organonpro.com\/es-es\/#organization\"},\"potentialAction\":[{\"@type\":\"SearchAction\",\"target\":{\"@type\":\"EntryPoint\",\"urlTemplate\":\"https:\/\/organonpro.com\/es-es\/?s={search_term_string}\"},\"query-input\":{\"@type\":\"PropertyValueSpecification\",\"valueRequired\":true,\"valueName\":\"search_term_string\"}}],\"inLanguage\":\"en-US\"},{\"@type\":\"Organization\",\"@id\":\"https:\/\/organonpro.com\/es-es\/#organization\",\"name\":\"Organon Pro - Espa\u00f1a\",\"url\":\"https:\/\/organonpro.com\/es-es\/\",\"logo\":{\"@type\":\"ImageObject\",\"inLanguage\":\"en-US\",\"@id\":\"https:\/\/organonpro.com\/es-es\/#\/schema\/logo\/image\/\",\"url\":\"https:\/\/organonpro.com\/es-es\/wp-content\/uploads\/sites\/11\/2023\/08\/organon-pro-1.webp\",\"contentUrl\":\"https:\/\/organonpro.com\/es-es\/wp-content\/uploads\/sites\/11\/2023\/08\/organon-pro-1.webp\",\"width\":2269,\"height\":243,\"caption\":\"Organon Pro - Espa\u00f1a\"},\"image\":{\"@id\":\"https:\/\/organonpro.com\/es-es\/#\/schema\/logo\/image\/\"},\"sameAs\":[\"https:\/\/www.facebook.com\/OrganonandCo\",\"https:\/\/x.com\/OrganonLLC\"]}]}<\/script>\n<!-- \/ Yoast SEO Premium plugin. -->","yoast_head_json":{"title":"Esquizofrenia y depresi\u00f3n: relaci\u00f3n con el sistema endocannabinoide - Organon Pro - Espa\u00f1a","robots":{"index":"noindex","follow":"follow"},"og_locale":"en_US","og_type":"article","og_title":"Esquizofrenia y depresi\u00f3n: relaci\u00f3n con el sistema endocannabinoide","og_description":"Resumen del estudio realizado por Rodr\u00edguez-Mu\u00f1oz et al. en 2017 &#8220;Schizophrenia and depression, two poles of endocannabinoid system deregulation&#8221;, publicado por la revista Translational Psychiatry en el a\u00f1o 2017. Objetivo Este estudio se dise\u00f1\u00f3 con el objetivo de evaluar las alteraciones moleculares en la esquizofrenia y depresi\u00f3n y la interacci\u00f3n que hay entre las prote\u00ednas [&hellip;]","og_url":"https:\/\/organonpro.com\/es-es\/news\/esquizofrenia-y-depresion-relacion-con-el-sistema-endocannabinoide\/","og_site_name":"Organon Pro - Espa\u00f1a","article_publisher":"https:\/\/www.facebook.com\/OrganonandCo","article_modified_time":"2026-01-27T14:16:10+00:00","og_image":[{"width":1200,"height":676,"url":"https:\/\/organonpro.com\/es-es\/wp-content\/uploads\/sites\/11\/2023\/08\/esquizofreniaYdepresionThumbnail.png","type":"image\/png"}],"twitter_card":"summary_large_image","twitter_site":"@OrganonLLC","twitter_misc":{"Est. reading time":"3 minutes"},"schema":{"@context":"https:\/\/schema.org","@graph":[{"@type":"WebPage","@id":"https:\/\/organonpro.com\/es-es\/news\/esquizofrenia-y-depresion-relacion-con-el-sistema-endocannabinoide\/","url":"https:\/\/organonpro.com\/es-es\/news\/esquizofrenia-y-depresion-relacion-con-el-sistema-endocannabinoide\/","name":"Esquizofrenia y depresi\u00f3n: relaci\u00f3n con el sistema endocannabinoide - Organon Pro - Espa\u00f1a","isPartOf":{"@id":"https:\/\/organonpro.com\/es-es\/#website"},"primaryImageOfPage":{"@id":"https:\/\/organonpro.com\/es-es\/news\/esquizofrenia-y-depresion-relacion-con-el-sistema-endocannabinoide\/#primaryimage"},"image":{"@id":"https:\/\/organonpro.com\/es-es\/news\/esquizofrenia-y-depresion-relacion-con-el-sistema-endocannabinoide\/#primaryimage"},"thumbnailUrl":"https:\/\/organonpro.com\/es-es\/wp-content\/uploads\/sites\/11\/2023\/08\/esquizofreniaYdepresionThumbnail.png","datePublished":"2024-08-01T09:55:12+00:00","dateModified":"2026-01-27T14:16:10+00:00","breadcrumb":{"@id":"https:\/\/organonpro.com\/es-es\/news\/esquizofrenia-y-depresion-relacion-con-el-sistema-endocannabinoide\/#breadcrumb"},"inLanguage":"en-US","potentialAction":[{"@type":"ReadAction","target":["https:\/\/organonpro.com\/es-es\/news\/esquizofrenia-y-depresion-relacion-con-el-sistema-endocannabinoide\/"]}]},{"@type":"ImageObject","inLanguage":"en-US","@id":"https:\/\/organonpro.com\/es-es\/news\/esquizofrenia-y-depresion-relacion-con-el-sistema-endocannabinoide\/#primaryimage","url":"https:\/\/organonpro.com\/es-es\/wp-content\/uploads\/sites\/11\/2023\/08\/esquizofreniaYdepresionThumbnail.png","contentUrl":"https:\/\/organonpro.com\/es-es\/wp-content\/uploads\/sites\/11\/2023\/08\/esquizofreniaYdepresionThumbnail.png","width":1200,"height":676},{"@type":"BreadcrumbList","@id":"https:\/\/organonpro.com\/es-es\/news\/esquizofrenia-y-depresion-relacion-con-el-sistema-endocannabinoide\/#breadcrumb","itemListElement":[{"@type":"ListItem","position":1,"name":"Home","item":"https:\/\/organonpro.com\/es-es\/"},{"@type":"ListItem","position":2,"name":"News","item":"https:\/\/organonpro.com\/es-es\/news\/"},{"@type":"ListItem","position":3,"name":"Esquizofrenia y depresi\u00f3n: relaci\u00f3n con el sistema endocannabinoide"}]},{"@type":"WebSite","@id":"https:\/\/organonpro.com\/es-es\/#website","url":"https:\/\/organonpro.com\/es-es\/","name":"Organon Pro - Espa\u00f1a","description":"Organon Pro - Espa\u00f1a","publisher":{"@id":"https:\/\/organonpro.com\/es-es\/#organization"},"potentialAction":[{"@type":"SearchAction","target":{"@type":"EntryPoint","urlTemplate":"https:\/\/organonpro.com\/es-es\/?s={search_term_string}"},"query-input":{"@type":"PropertyValueSpecification","valueRequired":true,"valueName":"search_term_string"}}],"inLanguage":"en-US"},{"@type":"Organization","@id":"https:\/\/organonpro.com\/es-es\/#organization","name":"Organon Pro - Espa\u00f1a","url":"https:\/\/organonpro.com\/es-es\/","logo":{"@type":"ImageObject","inLanguage":"en-US","@id":"https:\/\/organonpro.com\/es-es\/#\/schema\/logo\/image\/","url":"https:\/\/organonpro.com\/es-es\/wp-content\/uploads\/sites\/11\/2023\/08\/organon-pro-1.webp","contentUrl":"https:\/\/organonpro.com\/es-es\/wp-content\/uploads\/sites\/11\/2023\/08\/organon-pro-1.webp","width":2269,"height":243,"caption":"Organon Pro - Espa\u00f1a"},"image":{"@id":"https:\/\/organonpro.com\/es-es\/#\/schema\/logo\/image\/"},"sameAs":["https:\/\/www.facebook.com\/OrganonandCo","https:\/\/x.com\/OrganonLLC"]}]}},"jetpack_sharing_enabled":true,"_links":{"self":[{"href":"https:\/\/organonpro.com\/es-es\/wp-json\/wp\/v2\/news\/21680","targetHints":{"allow":["GET"]}}],"collection":[{"href":"https:\/\/organonpro.com\/es-es\/wp-json\/wp\/v2\/news"}],"about":[{"href":"https:\/\/organonpro.com\/es-es\/wp-json\/wp\/v2\/types\/news"}],"author":[{"embeddable":true,"href":"https:\/\/organonpro.com\/es-es\/wp-json\/wp\/v2\/users\/120"}],"wp:featuredmedia":[{"embeddable":true,"href":"https:\/\/organonpro.com\/es-es\/wp-json\/wp\/v2\/media\/14969"}],"wp:attachment":[{"href":"https:\/\/organonpro.com\/es-es\/wp-json\/wp\/v2\/media?parent=21680"}],"wp:term":[{"taxonomy":"post_tag","embeddable":true,"href":"https:\/\/organonpro.com\/es-es\/wp-json\/wp\/v2\/tags?post=21680"},{"taxonomy":"news_categories","embeddable":true,"href":"https:\/\/organonpro.com\/es-es\/wp-json\/wp\/v2\/news_categories?post=21680"}],"curies":[{"name":"wp","href":"https:\/\/api.w.org\/{rel}","templated":true}]}}