{"id":2467,"date":"2022-08-05T06:35:00","date_gmt":"2022-08-05T06:35:00","guid":{"rendered":"https:\/\/organonpro.com\/es-es\/?post_type=article&#038;p=2467"},"modified":"2025-09-30T11:49:56","modified_gmt":"2025-09-30T11:49:56","slug":"decalogo-el-valor-de-la-marca-de-farmaindustria","status":"publish","type":"article","link":"https:\/\/organonpro.com\/es-es\/article\/decalogo-el-valor-de-la-marca-de-farmaindustria\/","title":{"rendered":"10 razones por las que el valor de la marca es importante"},"content":{"rendered":"\n<p style=\"font-size:22px\"><strong>\u00bfQu\u00e9 te vas a encontrar en este manual?<\/strong><\/p>\n\n\n\n<ul class=\"wp-block-list has-small-font-size\">\n<li style=\"font-size:15px\">El m\u00e9dico puede prescribir por marca conforme a lo previsto en la normativa vigente<\/li>\n\n\n\n<li style=\"font-size:15px\">La marca se autoriza para cada medicamento para identificarlo con facilidad<\/li>\n\n\n\n<li style=\"font-size:15px\">8 razones m\u00e1s por las que el valor de la marca es importante, seg\u00fan Farmaindustria<\/li>\n<\/ul>\n\n\n\n<div style=\"height:40px\" aria-hidden=\"true\" class=\"wp-block-spacer\"><\/div>\n\n\n\n<p style=\"font-size:15px\"><strong>Recuerda<\/strong>: este contenido estar\u00e1 disponible hasta el\u00a01\u00a0de\u00a0agosto\u00a0de\u00a02026.<\/p>\n\n\n<p class='wrong_shortcode_text' style='color:red; display:none;'>This survey should not be shown to user <\/p>\n","protected":false},"excerpt":{"rendered":"<p>\u00bfQu\u00e9 te vas a encontrar en este manual? Recuerda: este contenido estar\u00e1 disponible hasta el\u00a01\u00a0de\u00a0agosto\u00a0de\u00a02026.<\/p>\n","protected":false},"author":8,"featured_media":15927,"parent":0,"menu_order":0,"template":"","meta":{"_acf_changed":true},"tags":[],"article_categories":[11,12,13,14,38,15,16,37,17,18,19,20,21,22],"class_list":["post-2467","article","type-article","status-publish","has-post-thumbnail","hentry","article_categories-alergologia","article_categories-atencion-primaria","article_categories-cardiologia","article_categories-dermatologia","article_categories-familiar-y-comunitaria","article_categories-farmacia-hospitalaria","article_categories-ginecologia-y-obstetricia","article_categories-matronas","article_categories-neurologia","article_categories-oncologia","article_categories-otorrinolaringologia","article_categories-pediatria","article_categories-psiquiatria","article_categories-traumatologia"],"acf":[],"yoast_head":"<!-- This site is optimized with the Yoast SEO Premium plugin v20.11 (Yoast SEO v26.6) - https:\/\/yoast.com\/wordpress\/plugins\/seo\/ -->\n<title>El valor de la marca seg\u00fan Farmaindustria - Organon Pro - Espa\u00f1a<\/title>\n<meta name=\"description\" content=\"En esta breve gu\u00eda, Farmaindustria derriba mitos y te explica las 10 claves del valor y la importancia de la marca.\" \/>\n<meta name=\"robots\" content=\"noindex, follow\" \/>\n<meta property=\"og:locale\" content=\"en_US\" \/>\n<meta property=\"og:type\" content=\"article\" \/>\n<meta property=\"og:title\" content=\"10 razones por las que el valor de la marca es importante\" \/>\n<meta property=\"og:description\" content=\"En esta breve gu\u00eda, Farmaindustria derriba mitos y te explica las 10 claves del valor y la importancia de la marca.\" \/>\n<meta property=\"og:url\" content=\"https:\/\/organonpro.com\/es-es\/article\/decalogo-el-valor-de-la-marca-de-farmaindustria\/\" \/>\n<meta property=\"og:site_name\" content=\"Organon Pro - Espa\u00f1a\" \/>\n<meta property=\"article:publisher\" content=\"https:\/\/www.facebook.com\/OrganonandCo\" \/>\n<meta property=\"article:modified_time\" content=\"2025-09-30T11:49:56+00:00\" \/>\n<meta property=\"og:image\" content=\"https:\/\/organonpro.com\/es-es\/wp-content\/uploads\/sites\/11\/2023\/10\/claves-farmaindustria-thumbnail.jpg\" \/>\n\t<meta property=\"og:image:width\" content=\"1200\" \/>\n\t<meta property=\"og:image:height\" content=\"676\" \/>\n\t<meta property=\"og:image:type\" content=\"image\/jpeg\" \/>\n<meta name=\"twitter:card\" content=\"summary_large_image\" \/>\n<meta name=\"twitter:site\" content=\"@OrganonLLC\" \/>\n<meta name=\"twitter:label1\" content=\"Est. reading time\" \/>\n\t<meta name=\"twitter:data1\" content=\"1 minute\" \/>\n<script type=\"application\/ld+json\" class=\"yoast-schema-graph\">{\"@context\":\"https:\/\/schema.org\",\"@graph\":[{\"@type\":\"WebPage\",\"@id\":\"https:\/\/organonpro.com\/es-es\/article\/decalogo-el-valor-de-la-marca-de-farmaindustria\/\",\"url\":\"https:\/\/organonpro.com\/es-es\/article\/decalogo-el-valor-de-la-marca-de-farmaindustria\/\",\"name\":\"El valor de la marca seg\u00fan Farmaindustria - Organon Pro - Espa\u00f1a\",\"isPartOf\":{\"@id\":\"https:\/\/organonpro.com\/es-es\/#website\"},\"primaryImageOfPage\":{\"@id\":\"https:\/\/organonpro.com\/es-es\/article\/decalogo-el-valor-de-la-marca-de-farmaindustria\/#primaryimage\"},\"image\":{\"@id\":\"https:\/\/organonpro.com\/es-es\/article\/decalogo-el-valor-de-la-marca-de-farmaindustria\/#primaryimage\"},\"thumbnailUrl\":\"https:\/\/organonpro.com\/es-es\/wp-content\/uploads\/sites\/11\/2023\/10\/claves-farmaindustria-thumbnail.jpg\",\"datePublished\":\"2022-08-05T06:35:00+00:00\",\"dateModified\":\"2025-09-30T11:49:56+00:00\",\"description\":\"En esta breve gu\u00eda, Farmaindustria derriba mitos y te explica las 10 claves del valor y la importancia de la marca.\",\"breadcrumb\":{\"@id\":\"https:\/\/organonpro.com\/es-es\/article\/decalogo-el-valor-de-la-marca-de-farmaindustria\/#breadcrumb\"},\"inLanguage\":\"en-US\",\"potentialAction\":[{\"@type\":\"ReadAction\",\"target\":[\"https:\/\/organonpro.com\/es-es\/article\/decalogo-el-valor-de-la-marca-de-farmaindustria\/\"]}]},{\"@type\":\"ImageObject\",\"inLanguage\":\"en-US\",\"@id\":\"https:\/\/organonpro.com\/es-es\/article\/decalogo-el-valor-de-la-marca-de-farmaindustria\/#primaryimage\",\"url\":\"https:\/\/organonpro.com\/es-es\/wp-content\/uploads\/sites\/11\/2023\/10\/claves-farmaindustria-thumbnail.jpg\",\"contentUrl\":\"https:\/\/organonpro.com\/es-es\/wp-content\/uploads\/sites\/11\/2023\/10\/claves-farmaindustria-thumbnail.jpg\",\"width\":1200,\"height\":676},{\"@type\":\"BreadcrumbList\",\"@id\":\"https:\/\/organonpro.com\/es-es\/article\/decalogo-el-valor-de-la-marca-de-farmaindustria\/#breadcrumb\",\"itemListElement\":[{\"@type\":\"ListItem\",\"position\":1,\"name\":\"Home\",\"item\":\"https:\/\/organonpro.com\/es-es\/\"},{\"@type\":\"ListItem\",\"position\":2,\"name\":\"Articles\",\"item\":\"https:\/\/organonpro.com\/es-es\/article\/\"},{\"@type\":\"ListItem\",\"position\":3,\"name\":\"10 razones por las que el valor de la marca es importante\"}]},{\"@type\":\"WebSite\",\"@id\":\"https:\/\/organonpro.com\/es-es\/#website\",\"url\":\"https:\/\/organonpro.com\/es-es\/\",\"name\":\"Organon Pro - Espa\u00f1a\",\"description\":\"Organon Pro - Espa\u00f1a\",\"publisher\":{\"@id\":\"https:\/\/organonpro.com\/es-es\/#organization\"},\"potentialAction\":[{\"@type\":\"SearchAction\",\"target\":{\"@type\":\"EntryPoint\",\"urlTemplate\":\"https:\/\/organonpro.com\/es-es\/?s={search_term_string}\"},\"query-input\":{\"@type\":\"PropertyValueSpecification\",\"valueRequired\":true,\"valueName\":\"search_term_string\"}}],\"inLanguage\":\"en-US\"},{\"@type\":\"Organization\",\"@id\":\"https:\/\/organonpro.com\/es-es\/#organization\",\"name\":\"Organon Pro - Espa\u00f1a\",\"url\":\"https:\/\/organonpro.com\/es-es\/\",\"logo\":{\"@type\":\"ImageObject\",\"inLanguage\":\"en-US\",\"@id\":\"https:\/\/organonpro.com\/es-es\/#\/schema\/logo\/image\/\",\"url\":\"https:\/\/organonpro.com\/es-es\/wp-content\/uploads\/sites\/11\/2023\/08\/organon-pro-1.webp\",\"contentUrl\":\"https:\/\/organonpro.com\/es-es\/wp-content\/uploads\/sites\/11\/2023\/08\/organon-pro-1.webp\",\"width\":2269,\"height\":243,\"caption\":\"Organon Pro - Espa\u00f1a\"},\"image\":{\"@id\":\"https:\/\/organonpro.com\/es-es\/#\/schema\/logo\/image\/\"},\"sameAs\":[\"https:\/\/www.facebook.com\/OrganonandCo\",\"https:\/\/x.com\/OrganonLLC\"]}]}<\/script>\n<!-- \/ Yoast SEO Premium plugin. -->","yoast_head_json":{"title":"El valor de la marca seg\u00fan Farmaindustria - Organon Pro - Espa\u00f1a","description":"En esta breve gu\u00eda, Farmaindustria derriba mitos y te explica las 10 claves del valor y la importancia de la marca.","robots":{"index":"noindex","follow":"follow"},"og_locale":"en_US","og_type":"article","og_title":"10 razones por las que el valor de la marca es importante","og_description":"En esta breve gu\u00eda, Farmaindustria derriba mitos y te explica las 10 claves del valor y la importancia de la marca.","og_url":"https:\/\/organonpro.com\/es-es\/article\/decalogo-el-valor-de-la-marca-de-farmaindustria\/","og_site_name":"Organon Pro - Espa\u00f1a","article_publisher":"https:\/\/www.facebook.com\/OrganonandCo","article_modified_time":"2025-09-30T11:49:56+00:00","og_image":[{"width":1200,"height":676,"url":"https:\/\/organonpro.com\/es-es\/wp-content\/uploads\/sites\/11\/2023\/10\/claves-farmaindustria-thumbnail.jpg","type":"image\/jpeg"}],"twitter_card":"summary_large_image","twitter_site":"@OrganonLLC","twitter_misc":{"Est. reading time":"1 minute"},"schema":{"@context":"https:\/\/schema.org","@graph":[{"@type":"WebPage","@id":"https:\/\/organonpro.com\/es-es\/article\/decalogo-el-valor-de-la-marca-de-farmaindustria\/","url":"https:\/\/organonpro.com\/es-es\/article\/decalogo-el-valor-de-la-marca-de-farmaindustria\/","name":"El valor de la marca seg\u00fan Farmaindustria - Organon Pro - Espa\u00f1a","isPartOf":{"@id":"https:\/\/organonpro.com\/es-es\/#website"},"primaryImageOfPage":{"@id":"https:\/\/organonpro.com\/es-es\/article\/decalogo-el-valor-de-la-marca-de-farmaindustria\/#primaryimage"},"image":{"@id":"https:\/\/organonpro.com\/es-es\/article\/decalogo-el-valor-de-la-marca-de-farmaindustria\/#primaryimage"},"thumbnailUrl":"https:\/\/organonpro.com\/es-es\/wp-content\/uploads\/sites\/11\/2023\/10\/claves-farmaindustria-thumbnail.jpg","datePublished":"2022-08-05T06:35:00+00:00","dateModified":"2025-09-30T11:49:56+00:00","description":"En esta breve gu\u00eda, Farmaindustria derriba mitos y te explica las 10 claves del valor y la importancia de la marca.","breadcrumb":{"@id":"https:\/\/organonpro.com\/es-es\/article\/decalogo-el-valor-de-la-marca-de-farmaindustria\/#breadcrumb"},"inLanguage":"en-US","potentialAction":[{"@type":"ReadAction","target":["https:\/\/organonpro.com\/es-es\/article\/decalogo-el-valor-de-la-marca-de-farmaindustria\/"]}]},{"@type":"ImageObject","inLanguage":"en-US","@id":"https:\/\/organonpro.com\/es-es\/article\/decalogo-el-valor-de-la-marca-de-farmaindustria\/#primaryimage","url":"https:\/\/organonpro.com\/es-es\/wp-content\/uploads\/sites\/11\/2023\/10\/claves-farmaindustria-thumbnail.jpg","contentUrl":"https:\/\/organonpro.com\/es-es\/wp-content\/uploads\/sites\/11\/2023\/10\/claves-farmaindustria-thumbnail.jpg","width":1200,"height":676},{"@type":"BreadcrumbList","@id":"https:\/\/organonpro.com\/es-es\/article\/decalogo-el-valor-de-la-marca-de-farmaindustria\/#breadcrumb","itemListElement":[{"@type":"ListItem","position":1,"name":"Home","item":"https:\/\/organonpro.com\/es-es\/"},{"@type":"ListItem","position":2,"name":"Articles","item":"https:\/\/organonpro.com\/es-es\/article\/"},{"@type":"ListItem","position":3,"name":"10 razones por las que el valor de la marca es importante"}]},{"@type":"WebSite","@id":"https:\/\/organonpro.com\/es-es\/#website","url":"https:\/\/organonpro.com\/es-es\/","name":"Organon Pro - Espa\u00f1a","description":"Organon Pro - Espa\u00f1a","publisher":{"@id":"https:\/\/organonpro.com\/es-es\/#organization"},"potentialAction":[{"@type":"SearchAction","target":{"@type":"EntryPoint","urlTemplate":"https:\/\/organonpro.com\/es-es\/?s={search_term_string}"},"query-input":{"@type":"PropertyValueSpecification","valueRequired":true,"valueName":"search_term_string"}}],"inLanguage":"en-US"},{"@type":"Organization","@id":"https:\/\/organonpro.com\/es-es\/#organization","name":"Organon Pro - Espa\u00f1a","url":"https:\/\/organonpro.com\/es-es\/","logo":{"@type":"ImageObject","inLanguage":"en-US","@id":"https:\/\/organonpro.com\/es-es\/#\/schema\/logo\/image\/","url":"https:\/\/organonpro.com\/es-es\/wp-content\/uploads\/sites\/11\/2023\/08\/organon-pro-1.webp","contentUrl":"https:\/\/organonpro.com\/es-es\/wp-content\/uploads\/sites\/11\/2023\/08\/organon-pro-1.webp","width":2269,"height":243,"caption":"Organon Pro - Espa\u00f1a"},"image":{"@id":"https:\/\/organonpro.com\/es-es\/#\/schema\/logo\/image\/"},"sameAs":["https:\/\/www.facebook.com\/OrganonandCo","https:\/\/x.com\/OrganonLLC"]}]}},"jetpack_sharing_enabled":true,"_links":{"self":[{"href":"https:\/\/organonpro.com\/es-es\/wp-json\/wp\/v2\/article\/2467","targetHints":{"allow":["GET"]}}],"collection":[{"href":"https:\/\/organonpro.com\/es-es\/wp-json\/wp\/v2\/article"}],"about":[{"href":"https:\/\/organonpro.com\/es-es\/wp-json\/wp\/v2\/types\/article"}],"author":[{"embeddable":true,"href":"https:\/\/organonpro.com\/es-es\/wp-json\/wp\/v2\/users\/8"}],"wp:featuredmedia":[{"embeddable":true,"href":"https:\/\/organonpro.com\/es-es\/wp-json\/wp\/v2\/media\/15927"}],"wp:attachment":[{"href":"https:\/\/organonpro.com\/es-es\/wp-json\/wp\/v2\/media?parent=2467"}],"wp:term":[{"taxonomy":"post_tag","embeddable":true,"href":"https:\/\/organonpro.com\/es-es\/wp-json\/wp\/v2\/tags?post=2467"},{"taxonomy":"article_categories","embeddable":true,"href":"https:\/\/organonpro.com\/es-es\/wp-json\/wp\/v2\/article_categories?post=2467"}],"curies":[{"name":"wp","href":"https:\/\/api.w.org\/{rel}","templated":true}]}}