{"id":14316,"date":"2023-07-13T12:44:08","date_gmt":"2023-07-13T12:44:08","guid":{"rendered":"https:\/\/organonpro.com\/es-es\/?post_type=article&#038;p=14316"},"modified":"2025-09-23T11:50:49","modified_gmt":"2025-09-23T11:50:49","slug":"neurociencia-de-la-apatia-y-la-anhedonia-un-enfoque-transdiagnostico","status":"publish","type":"article","link":"https:\/\/organonpro.com\/es-es\/article\/neurociencia-de-la-apatia-y-la-anhedonia-un-enfoque-transdiagnostico\/","title":{"rendered":"Neurociencia de la apat\u00eda y la anhedonia: un enfoque transdiagn\u00f3stico"},"content":{"rendered":"\n<div style=\"height:40px\" class=\"wp-block-spacer\"><\/div>\n\n\n\n<p style=\"font-size:22px\"><strong>\u00bfQu\u00e9 te vas a encontrar en esta infograf\u00eda?<\/strong><\/p>\n\n\n\n<ul class=\"wp-block-list\">\n<li style=\"font-size:15px\">Los mecanismos que contribuyen al desarrollo de la apat\u00eda o anhedonia en un paciente<\/li>\n\n\n\n<li style=\"font-size:15px\">\u00bfQu\u00e9 mecanismos podr\u00edan ser comunes y cu\u00e1les \u00fanicos?<\/li>\n\n\n\n<li style=\"font-size:15px\">Distinguir y tratar estos mecanismos de manera adecuada<\/li>\n<\/ul>\n\n\n\n<div style=\"height:40px\" aria-hidden=\"true\" class=\"wp-block-spacer\"><\/div>\n\n\n\n<p style=\"font-size:15px\"><strong>Recuerda<\/strong>: este contenido estar\u00e1 disponible hasta el<strong>\u00a0<\/strong>5\u00a0de\u00a0julio de\u00a02026.<\/p>\n\n\n<p class='wrong_shortcode_text' style='color:red; display:none;'>This survey should not be shown to user <\/p>\n","protected":false},"excerpt":{"rendered":"<p>\u00bfQu\u00e9 te vas a encontrar en esta infograf\u00eda? Recuerda: este contenido estar\u00e1 disponible hasta el\u00a05\u00a0de\u00a0julio de\u00a02026.<\/p>\n","protected":false},"author":120,"featured_media":14315,"parent":0,"menu_order":0,"template":"","meta":{"_acf_changed":true},"tags":[],"article_categories":[12,17,21],"class_list":["post-14316","article","type-article","status-publish","has-post-thumbnail","hentry","article_categories-atencion-primaria","article_categories-neurologia","article_categories-psiquiatria"],"acf":[],"yoast_head":"<!-- This site is optimized with the Yoast SEO Premium plugin v20.11 (Yoast SEO v26.6) - https:\/\/yoast.com\/wordpress\/plugins\/seo\/ -->\n<title>Neurociencia de la apat\u00eda y la anhedonia - Organon Pro - Espa\u00f1a<\/title>\n<meta name=\"description\" content=\"Con estudios conductales y modelos computacionales, resaltamos la importancia de un enfoque individualizado en la apat\u00eda y la anhedonia.\" \/>\n<meta name=\"robots\" content=\"noindex, follow\" \/>\n<meta property=\"og:locale\" content=\"en_US\" \/>\n<meta property=\"og:type\" content=\"article\" \/>\n<meta property=\"og:title\" content=\"Neurociencia de la apat\u00eda y la anhedonia: un enfoque transdiagn\u00f3stico\" \/>\n<meta property=\"og:description\" content=\"Con estudios conductales y modelos computacionales, resaltamos la importancia de un enfoque individualizado en la apat\u00eda y la anhedonia.\" \/>\n<meta property=\"og:url\" content=\"https:\/\/organonpro.com\/es-es\/article\/neurociencia-de-la-apatia-y-la-anhedonia-un-enfoque-transdiagnostico\/\" \/>\n<meta property=\"og:site_name\" content=\"Organon Pro - Espa\u00f1a\" \/>\n<meta property=\"article:publisher\" content=\"https:\/\/www.facebook.com\/OrganonandCo\" \/>\n<meta property=\"article:modified_time\" content=\"2025-09-23T11:50:49+00:00\" \/>\n<meta property=\"og:image\" content=\"https:\/\/organonpro.com\/es-es\/wp-content\/uploads\/sites\/11\/2023\/07\/ApatiaAnedonia-thumbnail.png\" \/>\n\t<meta property=\"og:image:width\" content=\"2880\" \/>\n\t<meta property=\"og:image:height\" content=\"1505\" \/>\n\t<meta property=\"og:image:type\" content=\"image\/png\" \/>\n<meta name=\"twitter:card\" content=\"summary_large_image\" \/>\n<meta name=\"twitter:site\" content=\"@OrganonLLC\" \/>\n<meta name=\"twitter:label1\" content=\"Est. reading time\" \/>\n\t<meta name=\"twitter:data1\" content=\"1 minute\" \/>\n<script type=\"application\/ld+json\" class=\"yoast-schema-graph\">{\"@context\":\"https:\/\/schema.org\",\"@graph\":[{\"@type\":\"WebPage\",\"@id\":\"https:\/\/organonpro.com\/es-es\/article\/neurociencia-de-la-apatia-y-la-anhedonia-un-enfoque-transdiagnostico\/\",\"url\":\"https:\/\/organonpro.com\/es-es\/article\/neurociencia-de-la-apatia-y-la-anhedonia-un-enfoque-transdiagnostico\/\",\"name\":\"Neurociencia de la apat\u00eda y la anhedonia - Organon Pro - Espa\u00f1a\",\"isPartOf\":{\"@id\":\"https:\/\/organonpro.com\/es-es\/#website\"},\"primaryImageOfPage\":{\"@id\":\"https:\/\/organonpro.com\/es-es\/article\/neurociencia-de-la-apatia-y-la-anhedonia-un-enfoque-transdiagnostico\/#primaryimage\"},\"image\":{\"@id\":\"https:\/\/organonpro.com\/es-es\/article\/neurociencia-de-la-apatia-y-la-anhedonia-un-enfoque-transdiagnostico\/#primaryimage\"},\"thumbnailUrl\":\"https:\/\/organonpro.com\/es-es\/wp-content\/uploads\/sites\/11\/2023\/07\/ApatiaAnedonia-thumbnail.png\",\"datePublished\":\"2023-07-13T12:44:08+00:00\",\"dateModified\":\"2025-09-23T11:50:49+00:00\",\"description\":\"Con estudios conductales y modelos computacionales, resaltamos la importancia de un enfoque individualizado en la apat\u00eda y la anhedonia.\",\"breadcrumb\":{\"@id\":\"https:\/\/organonpro.com\/es-es\/article\/neurociencia-de-la-apatia-y-la-anhedonia-un-enfoque-transdiagnostico\/#breadcrumb\"},\"inLanguage\":\"en-US\",\"potentialAction\":[{\"@type\":\"ReadAction\",\"target\":[\"https:\/\/organonpro.com\/es-es\/article\/neurociencia-de-la-apatia-y-la-anhedonia-un-enfoque-transdiagnostico\/\"]}]},{\"@type\":\"ImageObject\",\"inLanguage\":\"en-US\",\"@id\":\"https:\/\/organonpro.com\/es-es\/article\/neurociencia-de-la-apatia-y-la-anhedonia-un-enfoque-transdiagnostico\/#primaryimage\",\"url\":\"https:\/\/organonpro.com\/es-es\/wp-content\/uploads\/sites\/11\/2023\/07\/ApatiaAnedonia-thumbnail.png\",\"contentUrl\":\"https:\/\/organonpro.com\/es-es\/wp-content\/uploads\/sites\/11\/2023\/07\/ApatiaAnedonia-thumbnail.png\",\"width\":2880,\"height\":1505},{\"@type\":\"BreadcrumbList\",\"@id\":\"https:\/\/organonpro.com\/es-es\/article\/neurociencia-de-la-apatia-y-la-anhedonia-un-enfoque-transdiagnostico\/#breadcrumb\",\"itemListElement\":[{\"@type\":\"ListItem\",\"position\":1,\"name\":\"Home\",\"item\":\"https:\/\/organonpro.com\/es-es\/\"},{\"@type\":\"ListItem\",\"position\":2,\"name\":\"Articles\",\"item\":\"https:\/\/organonpro.com\/es-es\/article\/\"},{\"@type\":\"ListItem\",\"position\":3,\"name\":\"Neurociencia de la apat\u00eda y la anhedonia: un enfoque transdiagn\u00f3stico\"}]},{\"@type\":\"WebSite\",\"@id\":\"https:\/\/organonpro.com\/es-es\/#website\",\"url\":\"https:\/\/organonpro.com\/es-es\/\",\"name\":\"Organon Pro - Espa\u00f1a\",\"description\":\"Organon Pro - Espa\u00f1a\",\"publisher\":{\"@id\":\"https:\/\/organonpro.com\/es-es\/#organization\"},\"potentialAction\":[{\"@type\":\"SearchAction\",\"target\":{\"@type\":\"EntryPoint\",\"urlTemplate\":\"https:\/\/organonpro.com\/es-es\/?s={search_term_string}\"},\"query-input\":{\"@type\":\"PropertyValueSpecification\",\"valueRequired\":true,\"valueName\":\"search_term_string\"}}],\"inLanguage\":\"en-US\"},{\"@type\":\"Organization\",\"@id\":\"https:\/\/organonpro.com\/es-es\/#organization\",\"name\":\"Organon Pro - Espa\u00f1a\",\"url\":\"https:\/\/organonpro.com\/es-es\/\",\"logo\":{\"@type\":\"ImageObject\",\"inLanguage\":\"en-US\",\"@id\":\"https:\/\/organonpro.com\/es-es\/#\/schema\/logo\/image\/\",\"url\":\"https:\/\/organonpro.com\/es-es\/wp-content\/uploads\/sites\/11\/2023\/08\/organon-pro-1.webp\",\"contentUrl\":\"https:\/\/organonpro.com\/es-es\/wp-content\/uploads\/sites\/11\/2023\/08\/organon-pro-1.webp\",\"width\":2269,\"height\":243,\"caption\":\"Organon Pro - Espa\u00f1a\"},\"image\":{\"@id\":\"https:\/\/organonpro.com\/es-es\/#\/schema\/logo\/image\/\"},\"sameAs\":[\"https:\/\/www.facebook.com\/OrganonandCo\",\"https:\/\/x.com\/OrganonLLC\"]}]}<\/script>\n<!-- \/ Yoast SEO Premium plugin. -->","yoast_head_json":{"title":"Neurociencia de la apat\u00eda y la anhedonia - Organon Pro - Espa\u00f1a","description":"Con estudios conductales y modelos computacionales, resaltamos la importancia de un enfoque individualizado en la apat\u00eda y la anhedonia.","robots":{"index":"noindex","follow":"follow"},"og_locale":"en_US","og_type":"article","og_title":"Neurociencia de la apat\u00eda y la anhedonia: un enfoque transdiagn\u00f3stico","og_description":"Con estudios conductales y modelos computacionales, resaltamos la importancia de un enfoque individualizado en la apat\u00eda y la anhedonia.","og_url":"https:\/\/organonpro.com\/es-es\/article\/neurociencia-de-la-apatia-y-la-anhedonia-un-enfoque-transdiagnostico\/","og_site_name":"Organon Pro - Espa\u00f1a","article_publisher":"https:\/\/www.facebook.com\/OrganonandCo","article_modified_time":"2025-09-23T11:50:49+00:00","og_image":[{"width":2880,"height":1505,"url":"https:\/\/organonpro.com\/es-es\/wp-content\/uploads\/sites\/11\/2023\/07\/ApatiaAnedonia-thumbnail.png","type":"image\/png"}],"twitter_card":"summary_large_image","twitter_site":"@OrganonLLC","twitter_misc":{"Est. reading time":"1 minute"},"schema":{"@context":"https:\/\/schema.org","@graph":[{"@type":"WebPage","@id":"https:\/\/organonpro.com\/es-es\/article\/neurociencia-de-la-apatia-y-la-anhedonia-un-enfoque-transdiagnostico\/","url":"https:\/\/organonpro.com\/es-es\/article\/neurociencia-de-la-apatia-y-la-anhedonia-un-enfoque-transdiagnostico\/","name":"Neurociencia de la apat\u00eda y la anhedonia - Organon Pro - Espa\u00f1a","isPartOf":{"@id":"https:\/\/organonpro.com\/es-es\/#website"},"primaryImageOfPage":{"@id":"https:\/\/organonpro.com\/es-es\/article\/neurociencia-de-la-apatia-y-la-anhedonia-un-enfoque-transdiagnostico\/#primaryimage"},"image":{"@id":"https:\/\/organonpro.com\/es-es\/article\/neurociencia-de-la-apatia-y-la-anhedonia-un-enfoque-transdiagnostico\/#primaryimage"},"thumbnailUrl":"https:\/\/organonpro.com\/es-es\/wp-content\/uploads\/sites\/11\/2023\/07\/ApatiaAnedonia-thumbnail.png","datePublished":"2023-07-13T12:44:08+00:00","dateModified":"2025-09-23T11:50:49+00:00","description":"Con estudios conductales y modelos computacionales, resaltamos la importancia de un enfoque individualizado en la apat\u00eda y la anhedonia.","breadcrumb":{"@id":"https:\/\/organonpro.com\/es-es\/article\/neurociencia-de-la-apatia-y-la-anhedonia-un-enfoque-transdiagnostico\/#breadcrumb"},"inLanguage":"en-US","potentialAction":[{"@type":"ReadAction","target":["https:\/\/organonpro.com\/es-es\/article\/neurociencia-de-la-apatia-y-la-anhedonia-un-enfoque-transdiagnostico\/"]}]},{"@type":"ImageObject","inLanguage":"en-US","@id":"https:\/\/organonpro.com\/es-es\/article\/neurociencia-de-la-apatia-y-la-anhedonia-un-enfoque-transdiagnostico\/#primaryimage","url":"https:\/\/organonpro.com\/es-es\/wp-content\/uploads\/sites\/11\/2023\/07\/ApatiaAnedonia-thumbnail.png","contentUrl":"https:\/\/organonpro.com\/es-es\/wp-content\/uploads\/sites\/11\/2023\/07\/ApatiaAnedonia-thumbnail.png","width":2880,"height":1505},{"@type":"BreadcrumbList","@id":"https:\/\/organonpro.com\/es-es\/article\/neurociencia-de-la-apatia-y-la-anhedonia-un-enfoque-transdiagnostico\/#breadcrumb","itemListElement":[{"@type":"ListItem","position":1,"name":"Home","item":"https:\/\/organonpro.com\/es-es\/"},{"@type":"ListItem","position":2,"name":"Articles","item":"https:\/\/organonpro.com\/es-es\/article\/"},{"@type":"ListItem","position":3,"name":"Neurociencia de la apat\u00eda y la anhedonia: un enfoque transdiagn\u00f3stico"}]},{"@type":"WebSite","@id":"https:\/\/organonpro.com\/es-es\/#website","url":"https:\/\/organonpro.com\/es-es\/","name":"Organon Pro - Espa\u00f1a","description":"Organon Pro - Espa\u00f1a","publisher":{"@id":"https:\/\/organonpro.com\/es-es\/#organization"},"potentialAction":[{"@type":"SearchAction","target":{"@type":"EntryPoint","urlTemplate":"https:\/\/organonpro.com\/es-es\/?s={search_term_string}"},"query-input":{"@type":"PropertyValueSpecification","valueRequired":true,"valueName":"search_term_string"}}],"inLanguage":"en-US"},{"@type":"Organization","@id":"https:\/\/organonpro.com\/es-es\/#organization","name":"Organon Pro - Espa\u00f1a","url":"https:\/\/organonpro.com\/es-es\/","logo":{"@type":"ImageObject","inLanguage":"en-US","@id":"https:\/\/organonpro.com\/es-es\/#\/schema\/logo\/image\/","url":"https:\/\/organonpro.com\/es-es\/wp-content\/uploads\/sites\/11\/2023\/08\/organon-pro-1.webp","contentUrl":"https:\/\/organonpro.com\/es-es\/wp-content\/uploads\/sites\/11\/2023\/08\/organon-pro-1.webp","width":2269,"height":243,"caption":"Organon Pro - Espa\u00f1a"},"image":{"@id":"https:\/\/organonpro.com\/es-es\/#\/schema\/logo\/image\/"},"sameAs":["https:\/\/www.facebook.com\/OrganonandCo","https:\/\/x.com\/OrganonLLC"]}]}},"jetpack_sharing_enabled":true,"_links":{"self":[{"href":"https:\/\/organonpro.com\/es-es\/wp-json\/wp\/v2\/article\/14316","targetHints":{"allow":["GET"]}}],"collection":[{"href":"https:\/\/organonpro.com\/es-es\/wp-json\/wp\/v2\/article"}],"about":[{"href":"https:\/\/organonpro.com\/es-es\/wp-json\/wp\/v2\/types\/article"}],"author":[{"embeddable":true,"href":"https:\/\/organonpro.com\/es-es\/wp-json\/wp\/v2\/users\/120"}],"wp:featuredmedia":[{"embeddable":true,"href":"https:\/\/organonpro.com\/es-es\/wp-json\/wp\/v2\/media\/14315"}],"wp:attachment":[{"href":"https:\/\/organonpro.com\/es-es\/wp-json\/wp\/v2\/media?parent=14316"}],"wp:term":[{"taxonomy":"post_tag","embeddable":true,"href":"https:\/\/organonpro.com\/es-es\/wp-json\/wp\/v2\/tags?post=14316"},{"taxonomy":"article_categories","embeddable":true,"href":"https:\/\/organonpro.com\/es-es\/wp-json\/wp\/v2\/article_categories?post=14316"}],"curies":[{"name":"wp","href":"https:\/\/api.w.org\/{rel}","templated":true}]}}