{"id":11259,"date":"2023-02-20T12:55:41","date_gmt":"2023-02-20T12:55:41","guid":{"rendered":"https:\/\/organonpro.com\/es-es\/?post_type=article&#038;p=11259"},"modified":"2025-09-18T07:06:24","modified_gmt":"2025-09-18T07:06:24","slug":"formas-de-diferenciar-la-poliposis-y-la-anosmia","status":"publish","type":"article","link":"https:\/\/organonpro.com\/es-es\/article\/formas-de-diferenciar-la-poliposis-y-la-anosmia\/","title":{"rendered":"\u00bfC\u00f3mo diferenciar la poliposis y la anosmia?"},"content":{"rendered":"\n<div style=\"height:40px\" class=\"wp-block-spacer\"><\/div>\n\n\n\n<p style=\"font-size:22px\"><strong>\u00bfQu\u00e9 te vas a encontrar en esta gu\u00eda?<\/strong><\/p>\n\n\n\n<ul class=\"wp-block-list\">\n<li style=\"font-size:15px\">Los trastornos del olfato<\/li>\n\n\n\n<li style=\"font-size:15px\">Las diferencias clave entre anosmia y poliposis: \u00bfqu\u00e9 son? \u00bfCu\u00e1les son las causas?<\/li>\n\n\n\n<li style=\"font-size:15px\">Las diferencias entre anosmia y poliposis en cuanto al diagn\u00f3stico, los s\u00edntomas y el tratamiento<\/li>\n<\/ul>\n\n\n\n<div style=\"height:40px\" aria-hidden=\"true\" class=\"wp-block-spacer\"><\/div>\n\n\n\n<p style=\"font-size:15px\"><strong>Recuerda<\/strong>: este contenido estar\u00e1 disponible hasta el<strong>\u00a0<\/strong>8\u00a0de julio\u00a0de\u00a02029.<\/p>\n\n\n<p class='wrong_shortcode_text' style='color:red; display:none;'>This survey should not be shown to user <\/p>\n","protected":false},"excerpt":{"rendered":"<p>\u00bfQu\u00e9 te vas a encontrar en esta gu\u00eda? Recuerda: este contenido estar\u00e1 disponible hasta el\u00a08\u00a0de julio\u00a0de\u00a02029.<\/p>\n","protected":false},"author":118,"featured_media":21320,"parent":0,"menu_order":0,"template":"","meta":{"_acf_changed":true},"tags":[],"article_categories":[12,19],"class_list":["post-11259","article","type-article","status-publish","has-post-thumbnail","hentry","article_categories-atencion-primaria","article_categories-otorrinolaringologia"],"acf":[],"yoast_head":"<!-- This site is optimized with the Yoast SEO Premium plugin v20.11 (Yoast SEO v26.6) - https:\/\/yoast.com\/wordpress\/plugins\/seo\/ -->\n<title>C\u00f3mo diferenciar la poliposis y la anosmia - Organon Pro - Espa\u00f1a<\/title>\n<meta name=\"description\" content=\"Te detallamos las diferencias clave entre anosmia y poliposis en cuanto al diagn\u00f3stico, los s\u00edntomas y el tratamiento.\" \/>\n<meta name=\"robots\" content=\"index, follow, max-snippet:-1, max-image-preview:large, max-video-preview:-1\" \/>\n<link rel=\"canonical\" href=\"https:\/\/organonpro.com\/es-es\/article\/formas-de-diferenciar-la-poliposis-y-la-anosmia\/\" \/>\n<meta property=\"og:locale\" content=\"en_US\" \/>\n<meta property=\"og:type\" content=\"article\" \/>\n<meta property=\"og:title\" content=\"\u00bfC\u00f3mo diferenciar la poliposis y la anosmia?\" \/>\n<meta property=\"og:description\" content=\"Te detallamos las diferencias clave entre anosmia y poliposis en cuanto al diagn\u00f3stico, los s\u00edntomas y el tratamiento.\" \/>\n<meta property=\"og:url\" content=\"https:\/\/organonpro.com\/es-es\/article\/formas-de-diferenciar-la-poliposis-y-la-anosmia\/\" \/>\n<meta property=\"og:site_name\" content=\"Organon Pro - Espa\u00f1a\" \/>\n<meta property=\"article:publisher\" content=\"https:\/\/www.facebook.com\/OrganonandCo\" \/>\n<meta property=\"article:modified_time\" content=\"2025-09-18T07:06:24+00:00\" \/>\n<meta property=\"og:image\" content=\"https:\/\/organonpro.com\/es-es\/wp-content\/uploads\/sites\/11\/2023\/02\/poliposis-anosmia-thumbnail.jpg\" \/>\n\t<meta property=\"og:image:width\" content=\"1200\" \/>\n\t<meta property=\"og:image:height\" content=\"676\" \/>\n\t<meta property=\"og:image:type\" content=\"image\/jpeg\" \/>\n<meta name=\"twitter:card\" content=\"summary_large_image\" \/>\n<meta name=\"twitter:site\" content=\"@OrganonLLC\" \/>\n<meta name=\"twitter:label1\" content=\"Est. reading time\" \/>\n\t<meta name=\"twitter:data1\" content=\"1 minute\" \/>\n<script type=\"application\/ld+json\" class=\"yoast-schema-graph\">{\"@context\":\"https:\/\/schema.org\",\"@graph\":[{\"@type\":\"WebPage\",\"@id\":\"https:\/\/organonpro.com\/es-es\/article\/formas-de-diferenciar-la-poliposis-y-la-anosmia\/\",\"url\":\"https:\/\/organonpro.com\/es-es\/article\/formas-de-diferenciar-la-poliposis-y-la-anosmia\/\",\"name\":\"C\u00f3mo diferenciar la poliposis y la anosmia - Organon Pro - Espa\u00f1a\",\"isPartOf\":{\"@id\":\"https:\/\/organonpro.com\/es-es\/#website\"},\"primaryImageOfPage\":{\"@id\":\"https:\/\/organonpro.com\/es-es\/article\/formas-de-diferenciar-la-poliposis-y-la-anosmia\/#primaryimage\"},\"image\":{\"@id\":\"https:\/\/organonpro.com\/es-es\/article\/formas-de-diferenciar-la-poliposis-y-la-anosmia\/#primaryimage\"},\"thumbnailUrl\":\"https:\/\/organonpro.com\/es-es\/wp-content\/uploads\/sites\/11\/2023\/02\/poliposis-anosmia-thumbnail.jpg\",\"datePublished\":\"2023-02-20T12:55:41+00:00\",\"dateModified\":\"2025-09-18T07:06:24+00:00\",\"description\":\"Te detallamos las diferencias clave entre anosmia y poliposis en cuanto al diagn\u00f3stico, los s\u00edntomas y el tratamiento.\",\"breadcrumb\":{\"@id\":\"https:\/\/organonpro.com\/es-es\/article\/formas-de-diferenciar-la-poliposis-y-la-anosmia\/#breadcrumb\"},\"inLanguage\":\"en-US\",\"potentialAction\":[{\"@type\":\"ReadAction\",\"target\":[\"https:\/\/organonpro.com\/es-es\/article\/formas-de-diferenciar-la-poliposis-y-la-anosmia\/\"]}]},{\"@type\":\"ImageObject\",\"inLanguage\":\"en-US\",\"@id\":\"https:\/\/organonpro.com\/es-es\/article\/formas-de-diferenciar-la-poliposis-y-la-anosmia\/#primaryimage\",\"url\":\"https:\/\/organonpro.com\/es-es\/wp-content\/uploads\/sites\/11\/2023\/02\/poliposis-anosmia-thumbnail.jpg\",\"contentUrl\":\"https:\/\/organonpro.com\/es-es\/wp-content\/uploads\/sites\/11\/2023\/02\/poliposis-anosmia-thumbnail.jpg\",\"width\":1200,\"height\":676},{\"@type\":\"BreadcrumbList\",\"@id\":\"https:\/\/organonpro.com\/es-es\/article\/formas-de-diferenciar-la-poliposis-y-la-anosmia\/#breadcrumb\",\"itemListElement\":[{\"@type\":\"ListItem\",\"position\":1,\"name\":\"Home\",\"item\":\"https:\/\/organonpro.com\/es-es\/\"},{\"@type\":\"ListItem\",\"position\":2,\"name\":\"Articles\",\"item\":\"https:\/\/organonpro.com\/es-es\/article\/\"},{\"@type\":\"ListItem\",\"position\":3,\"name\":\"\u00bfC\u00f3mo diferenciar la poliposis y la anosmia?\"}]},{\"@type\":\"WebSite\",\"@id\":\"https:\/\/organonpro.com\/es-es\/#website\",\"url\":\"https:\/\/organonpro.com\/es-es\/\",\"name\":\"Organon Pro - Espa\u00f1a\",\"description\":\"Organon Pro - Espa\u00f1a\",\"publisher\":{\"@id\":\"https:\/\/organonpro.com\/es-es\/#organization\"},\"potentialAction\":[{\"@type\":\"SearchAction\",\"target\":{\"@type\":\"EntryPoint\",\"urlTemplate\":\"https:\/\/organonpro.com\/es-es\/?s={search_term_string}\"},\"query-input\":{\"@type\":\"PropertyValueSpecification\",\"valueRequired\":true,\"valueName\":\"search_term_string\"}}],\"inLanguage\":\"en-US\"},{\"@type\":\"Organization\",\"@id\":\"https:\/\/organonpro.com\/es-es\/#organization\",\"name\":\"Organon Pro - Espa\u00f1a\",\"url\":\"https:\/\/organonpro.com\/es-es\/\",\"logo\":{\"@type\":\"ImageObject\",\"inLanguage\":\"en-US\",\"@id\":\"https:\/\/organonpro.com\/es-es\/#\/schema\/logo\/image\/\",\"url\":\"https:\/\/organonpro.com\/es-es\/wp-content\/uploads\/sites\/11\/2023\/08\/organon-pro-1.webp\",\"contentUrl\":\"https:\/\/organonpro.com\/es-es\/wp-content\/uploads\/sites\/11\/2023\/08\/organon-pro-1.webp\",\"width\":2269,\"height\":243,\"caption\":\"Organon Pro - Espa\u00f1a\"},\"image\":{\"@id\":\"https:\/\/organonpro.com\/es-es\/#\/schema\/logo\/image\/\"},\"sameAs\":[\"https:\/\/www.facebook.com\/OrganonandCo\",\"https:\/\/x.com\/OrganonLLC\"]}]}<\/script>\n<!-- \/ Yoast SEO Premium plugin. -->","yoast_head_json":{"title":"C\u00f3mo diferenciar la poliposis y la anosmia - Organon Pro - Espa\u00f1a","description":"Te detallamos las diferencias clave entre anosmia y poliposis en cuanto al diagn\u00f3stico, los s\u00edntomas y el tratamiento.","robots":{"index":"index","follow":"follow","max-snippet":"max-snippet:-1","max-image-preview":"max-image-preview:large","max-video-preview":"max-video-preview:-1"},"canonical":"https:\/\/organonpro.com\/es-es\/article\/formas-de-diferenciar-la-poliposis-y-la-anosmia\/","og_locale":"en_US","og_type":"article","og_title":"\u00bfC\u00f3mo diferenciar la poliposis y la anosmia?","og_description":"Te detallamos las diferencias clave entre anosmia y poliposis en cuanto al diagn\u00f3stico, los s\u00edntomas y el tratamiento.","og_url":"https:\/\/organonpro.com\/es-es\/article\/formas-de-diferenciar-la-poliposis-y-la-anosmia\/","og_site_name":"Organon Pro - Espa\u00f1a","article_publisher":"https:\/\/www.facebook.com\/OrganonandCo","article_modified_time":"2025-09-18T07:06:24+00:00","og_image":[{"width":1200,"height":676,"url":"https:\/\/organonpro.com\/es-es\/wp-content\/uploads\/sites\/11\/2023\/02\/poliposis-anosmia-thumbnail.jpg","type":"image\/jpeg"}],"twitter_card":"summary_large_image","twitter_site":"@OrganonLLC","twitter_misc":{"Est. reading time":"1 minute"},"schema":{"@context":"https:\/\/schema.org","@graph":[{"@type":"WebPage","@id":"https:\/\/organonpro.com\/es-es\/article\/formas-de-diferenciar-la-poliposis-y-la-anosmia\/","url":"https:\/\/organonpro.com\/es-es\/article\/formas-de-diferenciar-la-poliposis-y-la-anosmia\/","name":"C\u00f3mo diferenciar la poliposis y la anosmia - Organon Pro - Espa\u00f1a","isPartOf":{"@id":"https:\/\/organonpro.com\/es-es\/#website"},"primaryImageOfPage":{"@id":"https:\/\/organonpro.com\/es-es\/article\/formas-de-diferenciar-la-poliposis-y-la-anosmia\/#primaryimage"},"image":{"@id":"https:\/\/organonpro.com\/es-es\/article\/formas-de-diferenciar-la-poliposis-y-la-anosmia\/#primaryimage"},"thumbnailUrl":"https:\/\/organonpro.com\/es-es\/wp-content\/uploads\/sites\/11\/2023\/02\/poliposis-anosmia-thumbnail.jpg","datePublished":"2023-02-20T12:55:41+00:00","dateModified":"2025-09-18T07:06:24+00:00","description":"Te detallamos las diferencias clave entre anosmia y poliposis en cuanto al diagn\u00f3stico, los s\u00edntomas y el tratamiento.","breadcrumb":{"@id":"https:\/\/organonpro.com\/es-es\/article\/formas-de-diferenciar-la-poliposis-y-la-anosmia\/#breadcrumb"},"inLanguage":"en-US","potentialAction":[{"@type":"ReadAction","target":["https:\/\/organonpro.com\/es-es\/article\/formas-de-diferenciar-la-poliposis-y-la-anosmia\/"]}]},{"@type":"ImageObject","inLanguage":"en-US","@id":"https:\/\/organonpro.com\/es-es\/article\/formas-de-diferenciar-la-poliposis-y-la-anosmia\/#primaryimage","url":"https:\/\/organonpro.com\/es-es\/wp-content\/uploads\/sites\/11\/2023\/02\/poliposis-anosmia-thumbnail.jpg","contentUrl":"https:\/\/organonpro.com\/es-es\/wp-content\/uploads\/sites\/11\/2023\/02\/poliposis-anosmia-thumbnail.jpg","width":1200,"height":676},{"@type":"BreadcrumbList","@id":"https:\/\/organonpro.com\/es-es\/article\/formas-de-diferenciar-la-poliposis-y-la-anosmia\/#breadcrumb","itemListElement":[{"@type":"ListItem","position":1,"name":"Home","item":"https:\/\/organonpro.com\/es-es\/"},{"@type":"ListItem","position":2,"name":"Articles","item":"https:\/\/organonpro.com\/es-es\/article\/"},{"@type":"ListItem","position":3,"name":"\u00bfC\u00f3mo diferenciar la poliposis y la anosmia?"}]},{"@type":"WebSite","@id":"https:\/\/organonpro.com\/es-es\/#website","url":"https:\/\/organonpro.com\/es-es\/","name":"Organon Pro - Espa\u00f1a","description":"Organon Pro - Espa\u00f1a","publisher":{"@id":"https:\/\/organonpro.com\/es-es\/#organization"},"potentialAction":[{"@type":"SearchAction","target":{"@type":"EntryPoint","urlTemplate":"https:\/\/organonpro.com\/es-es\/?s={search_term_string}"},"query-input":{"@type":"PropertyValueSpecification","valueRequired":true,"valueName":"search_term_string"}}],"inLanguage":"en-US"},{"@type":"Organization","@id":"https:\/\/organonpro.com\/es-es\/#organization","name":"Organon Pro - Espa\u00f1a","url":"https:\/\/organonpro.com\/es-es\/","logo":{"@type":"ImageObject","inLanguage":"en-US","@id":"https:\/\/organonpro.com\/es-es\/#\/schema\/logo\/image\/","url":"https:\/\/organonpro.com\/es-es\/wp-content\/uploads\/sites\/11\/2023\/08\/organon-pro-1.webp","contentUrl":"https:\/\/organonpro.com\/es-es\/wp-content\/uploads\/sites\/11\/2023\/08\/organon-pro-1.webp","width":2269,"height":243,"caption":"Organon Pro - Espa\u00f1a"},"image":{"@id":"https:\/\/organonpro.com\/es-es\/#\/schema\/logo\/image\/"},"sameAs":["https:\/\/www.facebook.com\/OrganonandCo","https:\/\/x.com\/OrganonLLC"]}]}},"jetpack_sharing_enabled":true,"_links":{"self":[{"href":"https:\/\/organonpro.com\/es-es\/wp-json\/wp\/v2\/article\/11259","targetHints":{"allow":["GET"]}}],"collection":[{"href":"https:\/\/organonpro.com\/es-es\/wp-json\/wp\/v2\/article"}],"about":[{"href":"https:\/\/organonpro.com\/es-es\/wp-json\/wp\/v2\/types\/article"}],"author":[{"embeddable":true,"href":"https:\/\/organonpro.com\/es-es\/wp-json\/wp\/v2\/users\/118"}],"wp:featuredmedia":[{"embeddable":true,"href":"https:\/\/organonpro.com\/es-es\/wp-json\/wp\/v2\/media\/21320"}],"wp:attachment":[{"href":"https:\/\/organonpro.com\/es-es\/wp-json\/wp\/v2\/media?parent=11259"}],"wp:term":[{"taxonomy":"post_tag","embeddable":true,"href":"https:\/\/organonpro.com\/es-es\/wp-json\/wp\/v2\/tags?post=11259"},{"taxonomy":"article_categories","embeddable":true,"href":"https:\/\/organonpro.com\/es-es\/wp-json\/wp\/v2\/article_categories?post=11259"}],"curies":[{"name":"wp","href":"https:\/\/api.w.org\/{rel}","templated":true}]}}